{"id":18130,"date":"2026-09-03T18:27:33","date_gmt":"2026-09-03T18:27:33","guid":{"rendered":"https:\/\/vivifrancia.com.ar\/2026\/?p=18130"},"modified":"2026-09-03T18:27:33","modified_gmt":"2026-09-03T18:27:33","slug":"cena-anna-bistro","status":"publish","type":"post","link":"https:\/\/vivifrancia.com.ar\/2026\/cena-anna-bistro\/","title":{"rendered":"Cena Anna Bistr\u00f3"},"content":{"rendered":"\n<style type=\"text\/css\" data-created_by=\"avia_inline_auto\" id=\"style-css-av-mtlutjv0-6161b13776ee0f65f93cb29e99c2e560\">\n.iconbox.av-mtlutjv0-6161b13776ee0f65f93cb29e99c2e560 .iconbox_content_container{\ncolor:#4c4c4c;\n}\n<\/style>\n<article  class='iconbox iconbox_left av-mtlutjv0-6161b13776ee0f65f93cb29e99c2e560  avia-builder-el-0  el_before_av_image  avia-builder-el-first '  itemscope=\"itemscope\" itemtype=\"https:\/\/schema.org\/BlogPosting\" itemprop=\"blogPost\" ><div class=\"iconbox_content\"><header class=\"entry-content-header\" aria-label=\"Icon: Cena Anna Bistr\u00f3\"><div class='iconbox_icon heading-color avia-iconfont avia-font-entypo-fontello' data-av_icon='\ue85b' data-av_iconfont='entypo-fontello'  ><\/div><h3 class='iconbox_content_title '  itemprop=\"headline\" >Cena Anna Bistr\u00f3<\/h3><\/header><div class='iconbox_content_container av_inherit_color'  itemprop=\"text\" ><p>10\/09<\/p>\n<\/div><\/div><footer class=\"entry-footer\"><\/footer><\/article>\n\n<style type=\"text\/css\" data-created_by=\"avia_inline_auto\" id=\"style-css-av-mtluxyp8-76eefff63f70aef392ea49f26958a803\">\n.avia-image-container.av-mtluxyp8-76eefff63f70aef392ea49f26958a803 img.avia_image{\nbox-shadow:none;\n}\n.avia-image-container.av-mtluxyp8-76eefff63f70aef392ea49f26958a803 .av-image-caption-overlay-center{\ncolor:#ffffff;\n}\n<\/style>\n<div  class='avia-image-container av-mtluxyp8-76eefff63f70aef392ea49f26958a803 av-styling- avia_animated_image av-animated-when-visible-95 left-to-right avia-align-left  avia-builder-el-1  el_after_av_icon_box  el_before_av_image '   itemprop=\"image\" itemscope=\"itemscope\" itemtype=\"https:\/\/schema.org\/ImageObject\" ><div class=\"avia-image-container-inner\"><div class=\"avia-image-overlay-wrap\"><img decoding=\"async\" fetchpriority=\"high\" class='wp-image-18132 avia-img-lazy-loading-not-18132 avia_image ' src=\"https:\/\/vivifrancia.com.ar\/2026\/wp-content\/uploads\/sites\/48\/brillat-savarin-centro-2.jpg\" alt='' title='brillat-savarin-centro'  height=\"450\" width=\"550\"  itemprop=\"thumbnailUrl\" srcset=\"https:\/\/vivifrancia.com.ar\/2026\/wp-content\/uploads\/sites\/48\/brillat-savarin-centro-2.jpg 550w, https:\/\/vivifrancia.com.ar\/2026\/wp-content\/uploads\/sites\/48\/brillat-savarin-centro-2-300x245.jpg 300w\" sizes=\"(max-width: 550px) 100vw, 550px\" \/><\/div><\/div><\/div>\n\n<style type=\"text\/css\" data-created_by=\"avia_inline_auto\" id=\"style-css-av-mtluydue-88a684b3f273a8f5286bf89a0747421d\">\n.avia-image-container.av-mtluydue-88a684b3f273a8f5286bf89a0747421d img.avia_image{\nbox-shadow:none;\n}\n.avia-image-container.av-mtluydue-88a684b3f273a8f5286bf89a0747421d .av-image-caption-overlay-center{\ncolor:#ffffff;\n}\n<\/style>\n<div  class='avia-image-container av-mtluydue-88a684b3f273a8f5286bf89a0747421d av-styling- avia_animated_image av-animated-when-visible-95 left-to-right avia-align-left  avia-builder-el-2  el_after_av_image  el_before_av_hr '   itemprop=\"image\" itemscope=\"itemscope\" itemtype=\"https:\/\/schema.org\/ImageObject\" ><div class=\"avia-image-container-inner\"><div class=\"avia-image-overlay-wrap\"><img decoding=\"async\" fetchpriority=\"high\" class='wp-image-18133 avia-img-lazy-loading-not-18133 avia_image ' src=\"https:\/\/vivifrancia.com.ar\/2026\/wp-content\/uploads\/sites\/48\/salon-night-700-1.jpg\" alt='' title='salon-night-700'  height=\"462\" width=\"700\"  itemprop=\"thumbnailUrl\" srcset=\"https:\/\/vivifrancia.com.ar\/2026\/wp-content\/uploads\/sites\/48\/salon-night-700-1.jpg 700w, https:\/\/vivifrancia.com.ar\/2026\/wp-content\/uploads\/sites\/48\/salon-night-700-1-300x198.jpg 300w\" sizes=\"(max-width: 700px) 100vw, 700px\" \/><\/div><\/div><\/div>\n\n<style type=\"text\/css\" data-created_by=\"avia_inline_auto\" id=\"style-css-av-av_hr-921fee5c460087b48939f6789d922a66\">\n#top .hr.hr-invisible.av-av_hr-921fee5c460087b48939f6789d922a66{\nheight:10px;\n}\n<\/style>\n<div  class='hr av-av_hr-921fee5c460087b48939f6789d922a66 hr-invisible  avia-builder-el-3  el_after_av_image  el_before_av_two_third '><span class='hr-inner '><span class=\"hr-inner-style\"><\/span><\/span><\/div>\n\n<style type=\"text\/css\" data-created_by=\"avia_inline_auto\" id=\"style-css-av-av_two_third-352b07ef7d3bc99b2e9f92e7a9e06bdb\">\n.flex_column.av-av_two_third-352b07ef7d3bc99b2e9f92e7a9e06bdb{\nborder-radius:0px 0px 0px 0px;\npadding:0px 0px 0px 0px;\n}\n<\/style>\n<div  class='flex_column av-av_two_third-352b07ef7d3bc99b2e9f92e7a9e06bdb av_two_third  avia-builder-el-4  el_after_av_hr  el_before_av_one_third  first flex_column_div av-zero-column-padding  '     ><p>\n<style type=\"text\/css\" data-created_by=\"avia_inline_auto\" id=\"style-css-av-mtluuew7-f73ab7cf06c9750c9e18da6f9024e7b4\">\n#top .av_textblock_section.av-mtluuew7-f73ab7cf06c9750c9e18da6f9024e7b4 .avia_textblock{\nfont-size:15px;\n}\n<\/style>\n<section  class='av_textblock_section av-mtluuew7-f73ab7cf06c9750c9e18da6f9024e7b4 '   itemscope=\"itemscope\" itemtype=\"https:\/\/schema.org\/BlogPosting\" itemprop=\"blogPost\" ><div class='avia_textblock'  itemprop=\"text\" ><p><span style=\"font-weight: 400\">Juan B. Justo 161, Ciudad de Mendoza<\/span><\/p>\n<p><b>Tel.<\/b><span style=\"font-weight: 400\"> 425-1818 \u2013 <\/span><b>WhatsApp:<\/b><span style=\"font-weight: 400\"> +54 9 261 579-0000<\/span><span style=\"font-weight: 400\"><br \/>\n<\/span><b>Facebook e Instagram:<\/b><span style=\"font-weight: 400\"> @annabistromza<\/span><span style=\"font-weight: 400\"><br \/>\n<\/span><a href=\"http:\/\/www.annabistro.com.ar\"><b>www.annabistro.com.ar<\/b><\/a><\/p>\n<p><b>Men\u00fa Franc\u00e9s: $46.000<\/b><\/p>\n<p><span style=\"font-weight: 400\">Un men\u00fa t\u00edpicamente franc\u00e9s que invita a descubrir algunos de los sabores emblem\u00e1ticos de su gastronom\u00eda.<\/span><\/p>\n<p><b>Men\u00fa:<\/b><span style=\"font-weight: 400\"> Ensalada <\/span><i><span style=\"font-weight: 400\">auvergnate<\/span><\/i><span style=\"font-weight: 400\">, <\/span><i><span style=\"font-weight: 400\">saucisse fa\u00e7on Morteau<\/span><\/i><span style=\"font-weight: 400\">, salsa de mostaza y <\/span><i><span style=\"font-weight: 400\">choucroute<\/span><\/i><span style=\"font-weight: 400\">; d\u00fao de quesos, selecci\u00f3n Cellier; canel\u00e9 con caf\u00e9.<\/span><\/p>\n<p><b>Incluye una bebida y una copa de vino.<\/b><\/p>\n<\/div><\/section><br \/>\n\n<style type=\"text\/css\" data-created_by=\"avia_inline_auto\" id=\"style-css-av-av_hr-921fee5c460087b48939f6789d922a66\">\n#top .hr.hr-invisible.av-av_hr-921fee5c460087b48939f6789d922a66{\nheight:10px;\n}\n<\/style>\n<div  class='hr av-av_hr-921fee5c460087b48939f6789d922a66 hr-invisible  avia-builder-el-6  el_after_av_textblock  el_before_av_image '><span class='hr-inner '><span class=\"hr-inner-style\"><\/span><\/span><\/div><br \/>\n\n<style type=\"text\/css\" data-created_by=\"avia_inline_auto\" id=\"style-css-av-mtluxi3d-5f5265979cadd2424c87f58123e88c2f\">\n.avia-image-container.av-mtluxi3d-5f5265979cadd2424c87f58123e88c2f img.avia_image{\nbox-shadow:none;\n}\n.avia-image-container.av-mtluxi3d-5f5265979cadd2424c87f58123e88c2f .av-image-caption-overlay-center{\ncolor:#ffffff;\n}\n<\/style>\n<div  class='avia-image-container av-mtluxi3d-5f5265979cadd2424c87f58123e88c2f av-styling- avia-align-left  avia-builder-el-7  el_after_av_hr  avia-builder-el-last '   itemprop=\"image\" itemscope=\"itemscope\" itemtype=\"https:\/\/schema.org\/ImageObject\" ><div class=\"avia-image-container-inner\"><div class=\"avia-image-overlay-wrap\"><img decoding=\"async\" fetchpriority=\"high\" class='wp-image-13612 avia-img-lazy-loading-not-13612 avia_image ' src=\"https:\/\/vivifrancia.com.ar\/2026\/wp-content\/uploads\/sites\/48\/caratula-anna-bistro-1-300x242.jpg\" alt='' title='caratula-anna-bistro'  height=\"242\" width=\"300\"  itemprop=\"thumbnailUrl\" srcset=\"https:\/\/vivifrancia.com.ar\/2026\/wp-content\/uploads\/sites\/48\/caratula-anna-bistro-1-300x242.jpg 300w, https:\/\/vivifrancia.com.ar\/2026\/wp-content\/uploads\/sites\/48\/caratula-anna-bistro-1.jpg 495w\" sizes=\"(max-width: 300px) 100vw, 300px\" \/><\/div><\/div><\/div><\/p><\/div>\n<style type=\"text\/css\" data-created_by=\"avia_inline_auto\" id=\"style-css-av-av_one_third-2a64de42b738552fe666ca889af77e28\">\n.flex_column.av-av_one_third-2a64de42b738552fe666ca889af77e28{\nborder-radius:0px 0px 0px 0px;\npadding:0px 0px 0px 0px;\n}\n<\/style>\n<div  class='flex_column av-av_one_third-2a64de42b738552fe666ca889af77e28 av_one_third  avia-builder-el-8  el_after_av_two_third  avia-builder-el-last  flex_column_div av-zero-column-padding  '     ><\/div><\/p>\n","protected":false},"excerpt":{"rendered":"<p>10\/9 &#8211; Ciudad de Mendoza<\/p>\n","protected":false},"author":7,"featured_media":18131,"comment_status":"closed","ping_status":"closed","sticky":false,"template":"","format":"standard","meta":{"inline_featured_image":false,"footnotes":""},"categories":[111,125,246],"tags":[],"class_list":["post-18130","post","type-post","status-publish","format-standard","has-post-thumbnail","hentry","category-actividades-gourmet","category-region-cuyo","category-jueves-10-09"],"yoast_head":"<!-- This site is optimized with the Yoast SEO plugin v28.3 - https:\/\/yoast.com\/product\/yoast-seo-wordpress\/ -->\n<title>Cena Anna Bistr\u00f3 - Viv\u00ed Francia 2026<\/title>\n<meta name=\"robots\" content=\"index, follow, max-snippet:-1, max-image-preview:large, max-video-preview:-1\" \/>\n<link rel=\"canonical\" href=\"https:\/\/vivifrancia.com.ar\/2026\/cena-anna-bistro\/\" \/>\n<meta property=\"og:locale\" content=\"es_ES\" \/>\n<meta property=\"og:type\" content=\"article\" \/>\n<meta property=\"og:title\" content=\"Cena Anna Bistr\u00f3 - Viv\u00ed Francia 2026\" \/>\n<meta property=\"og:description\" content=\"10\/9 - Ciudad de Mendoza\" \/>\n<meta property=\"og:url\" content=\"https:\/\/vivifrancia.com.ar\/2026\/cena-anna-bistro\/\" \/>\n<meta property=\"og:site_name\" content=\"Viv\u00ed Francia 2026\" \/>\n<meta property=\"article:publisher\" content=\"https:\/\/www.facebook.com\/vivifranciaba\" \/>\n<meta property=\"article:published_time\" content=\"2026-09-03T18:27:33+00:00\" \/>\n<meta property=\"og:image\" content=\"https:\/\/vivifrancia.com.ar\/2026\/wp-content\/uploads\/sites\/48\/anna.jpg\" \/>\n\t<meta property=\"og:image:width\" content=\"495\" \/>\n\t<meta property=\"og:image:height\" content=\"400\" \/>\n\t<meta property=\"og:image:type\" content=\"image\/jpeg\" \/>\n<meta name=\"author\" content=\"datae\" \/>\n<meta name=\"twitter:card\" content=\"summary_large_image\" \/>\n<meta name=\"twitter:label1\" content=\"Escrito por\" \/>\n\t<meta name=\"twitter:data1\" content=\"datae\" \/>\n\t<meta name=\"twitter:label2\" content=\"Tiempo de lectura\" \/>\n\t<meta name=\"twitter:data2\" content=\"1 minuto\" \/>\n<script type=\"application\/ld+json\" class=\"yoast-schema-graph\">{\"@context\":\"https:\\\/\\\/schema.org\",\"@graph\":[{\"@type\":\"Article\",\"@id\":\"https:\\\/\\\/vivifrancia.com.ar\\\/2026\\\/cena-anna-bistro\\\/#article\",\"isPartOf\":{\"@id\":\"https:\\\/\\\/vivifrancia.com.ar\\\/2026\\\/cena-anna-bistro\\\/\"},\"author\":{\"name\":\"datae\",\"@id\":\"https:\\\/\\\/vivifrancia.com.ar\\\/2026\\\/#\\\/schema\\\/person\\\/164fe613e289dfc3e7d837aca931c42c\"},\"headline\":\"Cena Anna Bistr\u00f3\",\"datePublished\":\"2026-09-03T18:27:33+00:00\",\"mainEntityOfPage\":{\"@id\":\"https:\\\/\\\/vivifrancia.com.ar\\\/2026\\\/cena-anna-bistro\\\/\"},\"wordCount\":1204,\"image\":{\"@id\":\"https:\\\/\\\/vivifrancia.com.ar\\\/2026\\\/cena-anna-bistro\\\/#primaryimage\"},\"thumbnailUrl\":\"https:\\\/\\\/vivifrancia.com.ar\\\/2026\\\/wp-content\\\/uploads\\\/sites\\\/48\\\/anna.jpg\",\"articleSection\":[\"Actividades Gourmet\",\"Regi\u00f3n Cuyo\",\"Jueves 10\\\/09\"],\"inLanguage\":\"es\"},{\"@type\":\"WebPage\",\"@id\":\"https:\\\/\\\/vivifrancia.com.ar\\\/2026\\\/cena-anna-bistro\\\/\",\"url\":\"https:\\\/\\\/vivifrancia.com.ar\\\/2026\\\/cena-anna-bistro\\\/\",\"name\":\"Cena Anna Bistr\u00f3 - Viv\u00ed Francia 2026\",\"isPartOf\":{\"@id\":\"https:\\\/\\\/vivifrancia.com.ar\\\/2026\\\/#website\"},\"primaryImageOfPage\":{\"@id\":\"https:\\\/\\\/vivifrancia.com.ar\\\/2026\\\/cena-anna-bistro\\\/#primaryimage\"},\"image\":{\"@id\":\"https:\\\/\\\/vivifrancia.com.ar\\\/2026\\\/cena-anna-bistro\\\/#primaryimage\"},\"thumbnailUrl\":\"https:\\\/\\\/vivifrancia.com.ar\\\/2026\\\/wp-content\\\/uploads\\\/sites\\\/48\\\/anna.jpg\",\"datePublished\":\"2026-09-03T18:27:33+00:00\",\"author\":{\"@id\":\"https:\\\/\\\/vivifrancia.com.ar\\\/2026\\\/#\\\/schema\\\/person\\\/164fe613e289dfc3e7d837aca931c42c\"},\"breadcrumb\":{\"@id\":\"https:\\\/\\\/vivifrancia.com.ar\\\/2026\\\/cena-anna-bistro\\\/#breadcrumb\"},\"inLanguage\":\"es\",\"potentialAction\":[{\"@type\":\"ReadAction\",\"target\":[\"https:\\\/\\\/vivifrancia.com.ar\\\/2026\\\/cena-anna-bistro\\\/\"]}]},{\"@type\":\"ImageObject\",\"inLanguage\":\"es\",\"@id\":\"https:\\\/\\\/vivifrancia.com.ar\\\/2026\\\/cena-anna-bistro\\\/#primaryimage\",\"url\":\"https:\\\/\\\/vivifrancia.com.ar\\\/2026\\\/wp-content\\\/uploads\\\/sites\\\/48\\\/anna.jpg\",\"contentUrl\":\"https:\\\/\\\/vivifrancia.com.ar\\\/2026\\\/wp-content\\\/uploads\\\/sites\\\/48\\\/anna.jpg\",\"width\":495,\"height\":400},{\"@type\":\"BreadcrumbList\",\"@id\":\"https:\\\/\\\/vivifrancia.com.ar\\\/2026\\\/cena-anna-bistro\\\/#breadcrumb\",\"itemListElement\":[{\"@type\":\"ListItem\",\"position\":1,\"name\":\"Portada\",\"item\":\"https:\\\/\\\/vivifrancia.com.ar\\\/2026\\\/\"},{\"@type\":\"ListItem\",\"position\":2,\"name\":\"Cena Anna Bistr\u00f3\"}]},{\"@type\":\"WebSite\",\"@id\":\"https:\\\/\\\/vivifrancia.com.ar\\\/2026\\\/#website\",\"url\":\"https:\\\/\\\/vivifrancia.com.ar\\\/2026\\\/\",\"name\":\"Viv\u00ed Francia 2026\",\"description\":\"Las semanas francesas en Argentina\",\"potentialAction\":[{\"@type\":\"SearchAction\",\"target\":{\"@type\":\"EntryPoint\",\"urlTemplate\":\"https:\\\/\\\/vivifrancia.com.ar\\\/2026\\\/?s={search_term_string}\"},\"query-input\":{\"@type\":\"PropertyValueSpecification\",\"valueRequired\":true,\"valueName\":\"search_term_string\"}}],\"inLanguage\":\"es\"},{\"@type\":\"Person\",\"@id\":\"https:\\\/\\\/vivifrancia.com.ar\\\/2026\\\/#\\\/schema\\\/person\\\/164fe613e289dfc3e7d837aca931c42c\",\"name\":\"datae\",\"image\":{\"@type\":\"ImageObject\",\"inLanguage\":\"es\",\"@id\":\"https:\\\/\\\/secure.gravatar.com\\\/avatar\\\/952f194b260d223ad202e438736c9fe26b2ffa5bd65b213b03cc433613641a84?s=96&d=mm&r=g\",\"url\":\"https:\\\/\\\/secure.gravatar.com\\\/avatar\\\/952f194b260d223ad202e438736c9fe26b2ffa5bd65b213b03cc433613641a84?s=96&d=mm&r=g\",\"contentUrl\":\"https:\\\/\\\/secure.gravatar.com\\\/avatar\\\/952f194b260d223ad202e438736c9fe26b2ffa5bd65b213b03cc433613641a84?s=96&d=mm&r=g\",\"caption\":\"datae\"},\"url\":\"https:\\\/\\\/vivifrancia.com.ar\\\/2026\\\/author\\\/datae\\\/\"}]}<\/script>\n<!-- \/ Yoast SEO plugin. -->","yoast_head_json":{"title":"Cena Anna Bistr\u00f3 - Viv\u00ed Francia 2026","robots":{"index":"index","follow":"follow","max-snippet":"max-snippet:-1","max-image-preview":"max-image-preview:large","max-video-preview":"max-video-preview:-1"},"canonical":"https:\/\/vivifrancia.com.ar\/2026\/cena-anna-bistro\/","og_locale":"es_ES","og_type":"article","og_title":"Cena Anna Bistr\u00f3 - Viv\u00ed Francia 2026","og_description":"10\/9 - Ciudad de Mendoza","og_url":"https:\/\/vivifrancia.com.ar\/2026\/cena-anna-bistro\/","og_site_name":"Viv\u00ed Francia 2026","article_publisher":"https:\/\/www.facebook.com\/vivifranciaba","article_published_time":"2026-09-03T18:27:33+00:00","og_image":[{"width":495,"height":400,"url":"https:\/\/vivifrancia.com.ar\/2026\/wp-content\/uploads\/sites\/48\/anna.jpg","type":"image\/jpeg"}],"author":"datae","twitter_card":"summary_large_image","twitter_misc":{"Escrito por":"datae","Tiempo de lectura":"1 minuto"},"schema":{"@context":"https:\/\/schema.org","@graph":[{"@type":"Article","@id":"https:\/\/vivifrancia.com.ar\/2026\/cena-anna-bistro\/#article","isPartOf":{"@id":"https:\/\/vivifrancia.com.ar\/2026\/cena-anna-bistro\/"},"author":{"name":"datae","@id":"https:\/\/vivifrancia.com.ar\/2026\/#\/schema\/person\/164fe613e289dfc3e7d837aca931c42c"},"headline":"Cena Anna Bistr\u00f3","datePublished":"2026-09-03T18:27:33+00:00","mainEntityOfPage":{"@id":"https:\/\/vivifrancia.com.ar\/2026\/cena-anna-bistro\/"},"wordCount":1204,"image":{"@id":"https:\/\/vivifrancia.com.ar\/2026\/cena-anna-bistro\/#primaryimage"},"thumbnailUrl":"https:\/\/vivifrancia.com.ar\/2026\/wp-content\/uploads\/sites\/48\/anna.jpg","articleSection":["Actividades Gourmet","Regi\u00f3n Cuyo","Jueves 10\/09"],"inLanguage":"es"},{"@type":"WebPage","@id":"https:\/\/vivifrancia.com.ar\/2026\/cena-anna-bistro\/","url":"https:\/\/vivifrancia.com.ar\/2026\/cena-anna-bistro\/","name":"Cena Anna Bistr\u00f3 - Viv\u00ed Francia 2026","isPartOf":{"@id":"https:\/\/vivifrancia.com.ar\/2026\/#website"},"primaryImageOfPage":{"@id":"https:\/\/vivifrancia.com.ar\/2026\/cena-anna-bistro\/#primaryimage"},"image":{"@id":"https:\/\/vivifrancia.com.ar\/2026\/cena-anna-bistro\/#primaryimage"},"thumbnailUrl":"https:\/\/vivifrancia.com.ar\/2026\/wp-content\/uploads\/sites\/48\/anna.jpg","datePublished":"2026-09-03T18:27:33+00:00","author":{"@id":"https:\/\/vivifrancia.com.ar\/2026\/#\/schema\/person\/164fe613e289dfc3e7d837aca931c42c"},"breadcrumb":{"@id":"https:\/\/vivifrancia.com.ar\/2026\/cena-anna-bistro\/#breadcrumb"},"inLanguage":"es","potentialAction":[{"@type":"ReadAction","target":["https:\/\/vivifrancia.com.ar\/2026\/cena-anna-bistro\/"]}]},{"@type":"ImageObject","inLanguage":"es","@id":"https:\/\/vivifrancia.com.ar\/2026\/cena-anna-bistro\/#primaryimage","url":"https:\/\/vivifrancia.com.ar\/2026\/wp-content\/uploads\/sites\/48\/anna.jpg","contentUrl":"https:\/\/vivifrancia.com.ar\/2026\/wp-content\/uploads\/sites\/48\/anna.jpg","width":495,"height":400},{"@type":"BreadcrumbList","@id":"https:\/\/vivifrancia.com.ar\/2026\/cena-anna-bistro\/#breadcrumb","itemListElement":[{"@type":"ListItem","position":1,"name":"Portada","item":"https:\/\/vivifrancia.com.ar\/2026\/"},{"@type":"ListItem","position":2,"name":"Cena Anna Bistr\u00f3"}]},{"@type":"WebSite","@id":"https:\/\/vivifrancia.com.ar\/2026\/#website","url":"https:\/\/vivifrancia.com.ar\/2026\/","name":"Viv\u00ed Francia 2026","description":"Las semanas francesas en Argentina","potentialAction":[{"@type":"SearchAction","target":{"@type":"EntryPoint","urlTemplate":"https:\/\/vivifrancia.com.ar\/2026\/?s={search_term_string}"},"query-input":{"@type":"PropertyValueSpecification","valueRequired":true,"valueName":"search_term_string"}}],"inLanguage":"es"},{"@type":"Person","@id":"https:\/\/vivifrancia.com.ar\/2026\/#\/schema\/person\/164fe613e289dfc3e7d837aca931c42c","name":"datae","image":{"@type":"ImageObject","inLanguage":"es","@id":"https:\/\/secure.gravatar.com\/avatar\/952f194b260d223ad202e438736c9fe26b2ffa5bd65b213b03cc433613641a84?s=96&d=mm&r=g","url":"https:\/\/secure.gravatar.com\/avatar\/952f194b260d223ad202e438736c9fe26b2ffa5bd65b213b03cc433613641a84?s=96&d=mm&r=g","contentUrl":"https:\/\/secure.gravatar.com\/avatar\/952f194b260d223ad202e438736c9fe26b2ffa5bd65b213b03cc433613641a84?s=96&d=mm&r=g","caption":"datae"},"url":"https:\/\/vivifrancia.com.ar\/2026\/author\/datae\/"}]}},"_links":{"self":[{"href":"https:\/\/vivifrancia.com.ar\/2026\/wp-json\/wp\/v2\/posts\/18130","targetHints":{"allow":["GET"]}}],"collection":[{"href":"https:\/\/vivifrancia.com.ar\/2026\/wp-json\/wp\/v2\/posts"}],"about":[{"href":"https:\/\/vivifrancia.com.ar\/2026\/wp-json\/wp\/v2\/types\/post"}],"author":[{"embeddable":true,"href":"https:\/\/vivifrancia.com.ar\/2026\/wp-json\/wp\/v2\/users\/7"}],"replies":[{"embeddable":true,"href":"https:\/\/vivifrancia.com.ar\/2026\/wp-json\/wp\/v2\/comments?post=18130"}],"version-history":[{"count":2,"href":"https:\/\/vivifrancia.com.ar\/2026\/wp-json\/wp\/v2\/posts\/18130\/revisions"}],"predecessor-version":[{"id":18135,"href":"https:\/\/vivifrancia.com.ar\/2026\/wp-json\/wp\/v2\/posts\/18130\/revisions\/18135"}],"wp:featuredmedia":[{"embeddable":true,"href":"https:\/\/vivifrancia.com.ar\/2026\/wp-json\/wp\/v2\/media\/18131"}],"wp:attachment":[{"href":"https:\/\/vivifrancia.com.ar\/2026\/wp-json\/wp\/v2\/media?parent=18130"}],"wp:term":[{"taxonomy":"category","embeddable":true,"href":"https:\/\/vivifrancia.com.ar\/2026\/wp-json\/wp\/v2\/categories?post=18130"},{"taxonomy":"post_tag","embeddable":true,"href":"https:\/\/vivifrancia.com.ar\/2026\/wp-json\/wp\/v2\/tags?post=18130"}],"curies":[{"name":"wp","href":"https:\/\/api.w.org\/{rel}","templated":true}]}}