{"id":17993,"date":"2026-09-03T14:46:26","date_gmt":"2026-09-03T14:46:26","guid":{"rendered":"https:\/\/vivifrancia.com.ar\/2026\/?p=17993"},"modified":"2026-09-03T17:37:22","modified_gmt":"2026-09-03T17:37:22","slug":"vivi-francia-junto-a-la-facultad-de-filosofia-y-letras","status":"publish","type":"post","link":"https:\/\/vivifrancia.com.ar\/2026\/vivi-francia-junto-a-la-facultad-de-filosofia-y-letras\/","title":{"rendered":"Viv\u00ed Francia junto a la Facultad de Filosof\u00eda y Letras"},"content":{"rendered":"\n<style type=\"text\/css\" data-created_by=\"avia_inline_auto\" id=\"style-css-av-mtlmx3x8-46516dc484c3d21a0fc4a5e040388e89\">\n.iconbox.av-mtlmx3x8-46516dc484c3d21a0fc4a5e040388e89 .iconbox_content_container{\ncolor:#4c4c4c;\n}\n<\/style>\n<article  class='iconbox iconbox_left av-mtlmx3x8-46516dc484c3d21a0fc4a5e040388e89  avia-builder-el-0  el_before_av_hr  avia-builder-el-first '  itemscope=\"itemscope\" itemtype=\"https:\/\/schema.org\/BlogPosting\" itemprop=\"blogPost\" ><div class=\"iconbox_content\"><header class=\"entry-content-header\" aria-label=\"Icon: Viv\u00ed Francia junto a la Facultad de Filosof\u00eda y Letras\"><div class='iconbox_icon heading-color avia-iconfont avia-font-entypo-fontello' data-av_icon='\ue85b' data-av_iconfont='entypo-fontello'  ><\/div><h3 class='iconbox_content_title '  itemprop=\"headline\" >Viv\u00ed Francia junto a la Facultad de Filosof\u00eda y Letras<\/h3><\/header><div class='iconbox_content_container av_inherit_color'  itemprop=\"text\" ><p>18\/09 &#8211; de 14:30 a 18 hs<\/p>\n<\/div><\/div><footer class=\"entry-footer\"><\/footer><\/article>\n\n<style type=\"text\/css\" data-created_by=\"avia_inline_auto\" id=\"style-css-av-1w0hj6x-f61ce77c2cfb6fcb09aab5bedbc818d2\">\n#top .hr.hr-invisible.av-1w0hj6x-f61ce77c2cfb6fcb09aab5bedbc818d2{\nheight:10px;\n}\n<\/style>\n<div  class='hr av-1w0hj6x-f61ce77c2cfb6fcb09aab5bedbc818d2 hr-invisible  avia-builder-el-1  el_after_av_icon_box  el_before_av_two_third '><span class='hr-inner '><span class=\"hr-inner-style\"><\/span><\/span><\/div>\n\n<style type=\"text\/css\" data-created_by=\"avia_inline_auto\" id=\"style-css-av-1m2o0mh-704232bbedaa5c77b8644a57c1981c5c\">\n.flex_column.av-1m2o0mh-704232bbedaa5c77b8644a57c1981c5c{\nborder-radius:0px 0px 0px 0px;\npadding:0px 0px 0px 0px;\n}\n<\/style>\n<div  class='flex_column av-1m2o0mh-704232bbedaa5c77b8644a57c1981c5c av_two_third  avia-builder-el-2  el_after_av_hr  el_before_av_one_third  first flex_column_div av-zero-column-padding  '     ><p>\n<style type=\"text\/css\" data-created_by=\"avia_inline_auto\" id=\"style-css-av-mtlmydab-269f0bd704fed2d0352358d474821d3e\">\n#top .av_textblock_section.av-mtlmydab-269f0bd704fed2d0352358d474821d3e .avia_textblock{\nfont-size:15px;\n}\n<\/style>\n<section  class='av_textblock_section av-mtlmydab-269f0bd704fed2d0352358d474821d3e '   itemscope=\"itemscope\" itemtype=\"https:\/\/schema.org\/BlogPosting\" itemprop=\"blogPost\" ><div class='avia_textblock'  itemprop=\"text\" ><p><span style=\"font-weight: 400\">Facultad de Filosof\u00eda y Letras, Campus Universitario, Parque General San Mart\u00edn, Ciudad de Mendoza\u00a0<\/span><\/p>\n<p><b>Actividad gratuita \u2013 Con inscripci\u00f3n previa: aszymanski@ffyl.uncu.edu.ar<\/b><\/p>\n<p><span style=\"font-weight: 400\">La jornada <\/span><b>\u201cViv\u00ed Francia junto a la Facultad de Filosof\u00eda y Letras\u201d<\/b><span style=\"font-weight: 400\"> propone un espacio acad\u00e9mico y cultural destinado a acercar a la comunidad universitaria y al p\u00fablico en general a la <\/span><b>riqueza, diversidad y vigencia de la lengua y la cultura francesas<\/b><span style=\"font-weight: 400\">.<\/span><\/p>\n<p><span style=\"font-weight: 400\">A trav\u00e9s de una modalidad abierta, din\u00e1mica y participativa, se desarrollar\u00e1n <\/span><b>charlas, testimonios y presentaciones culturales<\/b><span style=\"font-weight: 400\"> con la participaci\u00f3n de estudiantes, docentes y hablantes franc\u00f3fonos, quienes compartir\u00e1n sus experiencias y el papel que el dominio del franc\u00e9s ha tenido en la ampliaci\u00f3n de sus horizontes acad\u00e9micos, profesionales y culturales.<\/span><\/p>\n<p><span style=\"font-weight: 400\">La jornada finalizar\u00e1 con un <\/span><b>sorteo de libros en franc\u00e9s y una visita guiada en franc\u00e9s al museo<\/b><span style=\"font-weight: 400\">.<\/span><\/p>\n<p><b>CRONOGRAMA<\/b><\/p>\n<p><b>14:30 hs<\/b><span style=\"font-weight: 400\"> \u2013 Recepci\u00f3n del p\u00fablico<\/span><span style=\"font-weight: 400\"><br \/>\n<\/span><b>15:00 hs<\/b><span style=\"font-weight: 400\"> \u2013 Inauguraci\u00f3n oficial a cargo de las autoridades<\/span><span style=\"font-weight: 400\"><br \/>\n<\/span><b>15:15 hs<\/b><span style=\"font-weight: 400\"> \u2013 Charlas, testimonios y presentaciones culturales<\/span><span style=\"font-weight: 400\"><br \/>\n<\/span><b>17:20 hs<\/b><span style=\"font-weight: 400\"> \u2013 Sorteo de libros en franc\u00e9s<\/span><span style=\"font-weight: 400\"><br \/>\n<\/span><b>17:40 hs<\/b><span style=\"font-weight: 400\"> \u2013 Visita guiada en franc\u00e9s al museo<\/span><span style=\"font-weight: 400\"><br \/>\n<\/span><b>18:00 hs<\/b><span style=\"font-weight: 400\"> \u2013 Cierre<\/span><\/p>\n<\/div><\/section><br \/>\n\n<style type=\"text\/css\" data-created_by=\"avia_inline_auto\" id=\"style-css-av-1d0cbyh-f77afa8a5498d57633b61205a31da494\">\n#top .hr.hr-invisible.av-1d0cbyh-f77afa8a5498d57633b61205a31da494{\nheight:10px;\n}\n<\/style>\n<div  class='hr av-1d0cbyh-f77afa8a5498d57633b61205a31da494 hr-invisible  avia-builder-el-4  el_after_av_textblock  el_before_av_image '><span class='hr-inner '><span class=\"hr-inner-style\"><\/span><\/span><\/div><br \/>\n\n<style type=\"text\/css\" data-created_by=\"avia_inline_auto\" id=\"style-css-av-mtln0wdx-4e7d0032185d45e158c7b8a97069cf56\">\n.avia-image-container.av-mtln0wdx-4e7d0032185d45e158c7b8a97069cf56 img.avia_image{\nbox-shadow:none;\n}\n.avia-image-container.av-mtln0wdx-4e7d0032185d45e158c7b8a97069cf56 .av-image-caption-overlay-center{\ncolor:#ffffff;\n}\n<\/style>\n<div  class='avia-image-container av-mtln0wdx-4e7d0032185d45e158c7b8a97069cf56 av-styling- avia_animated_image av-animated-when-visible-95 left-to-right avia-align-left  avia-builder-el-5  el_after_av_hr  el_before_av_hr '   itemprop=\"image\" itemscope=\"itemscope\" itemtype=\"https:\/\/schema.org\/ImageObject\" ><div class=\"avia-image-container-inner\"><div class=\"avia-image-overlay-wrap\"><img decoding=\"async\" fetchpriority=\"high\" class='wp-image-17994 avia-img-lazy-loading-not-17994 avia_image ' src=\"https:\/\/vivifrancia.com.ar\/2026\/wp-content\/uploads\/sites\/48\/UNCUYO-FFYL-300x57.png\" alt='' title='UNCUYO FFYL'  height=\"57\" width=\"300\"  itemprop=\"thumbnailUrl\" srcset=\"https:\/\/vivifrancia.com.ar\/2026\/wp-content\/uploads\/sites\/48\/UNCUYO-FFYL-300x57.png 300w, https:\/\/vivifrancia.com.ar\/2026\/wp-content\/uploads\/sites\/48\/UNCUYO-FFYL.png 620w\" sizes=\"(max-width: 300px) 100vw, 300px\" \/><\/div><\/div><\/div><br \/>\n\n<style type=\"text\/css\" data-created_by=\"avia_inline_auto\" id=\"style-css-av-2h74ax-ee7f2359e8041f5406058cca2af067d3\">\n#top .hr.hr-invisible.av-2h74ax-ee7f2359e8041f5406058cca2af067d3{\nheight:10px;\n}\n<\/style>\n<div  class='hr av-2h74ax-ee7f2359e8041f5406058cca2af067d3 hr-invisible  avia-builder-el-6  el_after_av_image  el_before_av_image '><span class='hr-inner '><span class=\"hr-inner-style\"><\/span><\/span><\/div><br \/>\n\n<style type=\"text\/css\" data-created_by=\"avia_inline_auto\" id=\"style-css-av-mtln188w-34e0f3d2c9b3017b5acfebabf2993d29\">\n.avia-image-container.av-mtln188w-34e0f3d2c9b3017b5acfebabf2993d29 img.avia_image{\nbox-shadow:none;\n}\n.avia-image-container.av-mtln188w-34e0f3d2c9b3017b5acfebabf2993d29 .av-image-caption-overlay-center{\ncolor:#ffffff;\n}\n<\/style>\n<div  class='avia-image-container av-mtln188w-34e0f3d2c9b3017b5acfebabf2993d29 av-styling- avia_animated_image av-animated-when-visible-95 left-to-right avia-align-left  avia-builder-el-7  el_after_av_hr  avia-builder-el-last '   itemprop=\"image\" itemscope=\"itemscope\" itemtype=\"https:\/\/schema.org\/ImageObject\" ><div class=\"avia-image-container-inner\"><div class=\"avia-image-overlay-wrap\"><img decoding=\"async\" fetchpriority=\"high\" class='wp-image-17996 avia-img-lazy-loading-not-17996 avia_image ' src=\"https:\/\/vivifrancia.com.ar\/2026\/wp-content\/uploads\/sites\/48\/UNCUYODEP.jpg\" alt='' title='UNCUYODEP'  height=\"131\" width=\"200\"  itemprop=\"thumbnailUrl\"  \/><\/div><\/div><\/div><\/p><\/div>\n\n<style type=\"text\/css\" data-created_by=\"avia_inline_auto\" id=\"style-css-av-vjzg3t-43b515196823e6c1fa56764aafd2ecec\">\n.flex_column.av-vjzg3t-43b515196823e6c1fa56764aafd2ecec{\nborder-radius:0px 0px 0px 0px;\npadding:0px 0px 0px 0px;\n}\n<\/style>\n<div  class='flex_column av-vjzg3t-43b515196823e6c1fa56764aafd2ecec av_one_third  avia-builder-el-8  el_after_av_two_third  avia-builder-el-last  flex_column_div av-zero-column-padding  '     ><\/div>\n","protected":false},"excerpt":{"rendered":"<p>18\/9 &#8211; Ciudad de Mendoza<\/p>\n","protected":false},"author":7,"featured_media":17995,"comment_status":"closed","ping_status":"closed","sticky":false,"template":"","format":"standard","meta":{"inline_featured_image":false,"footnotes":""},"categories":[38,112,125,129,254],"tags":[],"class_list":["post-17993","post","type-post","status-publish","format-standard","has-post-thumbnail","hentry","category-visitas-guiadas","category-idioma","category-region-cuyo","category-conferencias-talleres","category-viernes-18-09"],"yoast_head":"<!-- This site is optimized with the Yoast SEO plugin v28.3 - https:\/\/yoast.com\/product\/yoast-seo-wordpress\/ -->\n<title>Viv\u00ed Francia junto a la Facultad de Filosof\u00eda y Letras - Viv\u00ed Francia 2026<\/title>\n<meta name=\"robots\" content=\"index, follow, max-snippet:-1, max-image-preview:large, max-video-preview:-1\" \/>\n<link rel=\"canonical\" href=\"https:\/\/vivifrancia.com.ar\/2026\/vivi-francia-junto-a-la-facultad-de-filosofia-y-letras\/\" \/>\n<meta property=\"og:locale\" content=\"es_ES\" \/>\n<meta property=\"og:type\" content=\"article\" \/>\n<meta property=\"og:title\" content=\"Viv\u00ed Francia junto a la Facultad de Filosof\u00eda y Letras - Viv\u00ed Francia 2026\" \/>\n<meta property=\"og:description\" content=\"18\/9 - Ciudad de Mendoza\" \/>\n<meta property=\"og:url\" content=\"https:\/\/vivifrancia.com.ar\/2026\/vivi-francia-junto-a-la-facultad-de-filosofia-y-letras\/\" \/>\n<meta property=\"og:site_name\" content=\"Viv\u00ed Francia 2026\" \/>\n<meta property=\"article:publisher\" content=\"https:\/\/www.facebook.com\/vivifranciaba\" \/>\n<meta property=\"article:published_time\" content=\"2026-09-03T14:46:26+00:00\" \/>\n<meta property=\"article:modified_time\" content=\"2026-09-03T17:37:22+00:00\" \/>\n<meta property=\"og:image\" content=\"https:\/\/vivifrancia.com.ar\/2026\/wp-content\/uploads\/sites\/48\/uncuyo-4.jpg\" \/>\n\t<meta property=\"og:image:width\" content=\"495\" \/>\n\t<meta property=\"og:image:height\" content=\"400\" \/>\n\t<meta property=\"og:image:type\" content=\"image\/jpeg\" \/>\n<meta name=\"author\" content=\"datae\" \/>\n<meta name=\"twitter:card\" content=\"summary_large_image\" \/>\n<meta name=\"twitter:label1\" content=\"Escrito por\" \/>\n\t<meta name=\"twitter:data1\" content=\"datae\" \/>\n\t<meta name=\"twitter:label2\" content=\"Tiempo de lectura\" \/>\n\t<meta name=\"twitter:data2\" content=\"2 minutos\" \/>\n<script type=\"application\/ld+json\" class=\"yoast-schema-graph\">{\"@context\":\"https:\\\/\\\/schema.org\",\"@graph\":[{\"@type\":\"Article\",\"@id\":\"https:\\\/\\\/vivifrancia.com.ar\\\/2026\\\/vivi-francia-junto-a-la-facultad-de-filosofia-y-letras\\\/#article\",\"isPartOf\":{\"@id\":\"https:\\\/\\\/vivifrancia.com.ar\\\/2026\\\/vivi-francia-junto-a-la-facultad-de-filosofia-y-letras\\\/\"},\"author\":{\"name\":\"datae\",\"@id\":\"https:\\\/\\\/vivifrancia.com.ar\\\/2026\\\/#\\\/schema\\\/person\\\/164fe613e289dfc3e7d837aca931c42c\"},\"headline\":\"Viv\u00ed Francia junto a la Facultad de Filosof\u00eda y Letras\",\"datePublished\":\"2026-09-03T14:46:26+00:00\",\"dateModified\":\"2026-09-03T17:37:22+00:00\",\"mainEntityOfPage\":{\"@id\":\"https:\\\/\\\/vivifrancia.com.ar\\\/2026\\\/vivi-francia-junto-a-la-facultad-de-filosofia-y-letras\\\/\"},\"wordCount\":1145,\"image\":{\"@id\":\"https:\\\/\\\/vivifrancia.com.ar\\\/2026\\\/vivi-francia-junto-a-la-facultad-de-filosofia-y-letras\\\/#primaryimage\"},\"thumbnailUrl\":\"https:\\\/\\\/vivifrancia.com.ar\\\/2026\\\/wp-content\\\/uploads\\\/sites\\\/48\\\/uncuyo-4.jpg\",\"articleSection\":[\"Visitas Guiadas\",\"Idioma\",\"Regi\u00f3n Cuyo\",\"Conferencias y talleres\",\"Viernes 18\\\/09\"],\"inLanguage\":\"es\"},{\"@type\":\"WebPage\",\"@id\":\"https:\\\/\\\/vivifrancia.com.ar\\\/2026\\\/vivi-francia-junto-a-la-facultad-de-filosofia-y-letras\\\/\",\"url\":\"https:\\\/\\\/vivifrancia.com.ar\\\/2026\\\/vivi-francia-junto-a-la-facultad-de-filosofia-y-letras\\\/\",\"name\":\"Viv\u00ed Francia junto a la Facultad de Filosof\u00eda y Letras - Viv\u00ed Francia 2026\",\"isPartOf\":{\"@id\":\"https:\\\/\\\/vivifrancia.com.ar\\\/2026\\\/#website\"},\"primaryImageOfPage\":{\"@id\":\"https:\\\/\\\/vivifrancia.com.ar\\\/2026\\\/vivi-francia-junto-a-la-facultad-de-filosofia-y-letras\\\/#primaryimage\"},\"image\":{\"@id\":\"https:\\\/\\\/vivifrancia.com.ar\\\/2026\\\/vivi-francia-junto-a-la-facultad-de-filosofia-y-letras\\\/#primaryimage\"},\"thumbnailUrl\":\"https:\\\/\\\/vivifrancia.com.ar\\\/2026\\\/wp-content\\\/uploads\\\/sites\\\/48\\\/uncuyo-4.jpg\",\"datePublished\":\"2026-09-03T14:46:26+00:00\",\"dateModified\":\"2026-09-03T17:37:22+00:00\",\"author\":{\"@id\":\"https:\\\/\\\/vivifrancia.com.ar\\\/2026\\\/#\\\/schema\\\/person\\\/164fe613e289dfc3e7d837aca931c42c\"},\"breadcrumb\":{\"@id\":\"https:\\\/\\\/vivifrancia.com.ar\\\/2026\\\/vivi-francia-junto-a-la-facultad-de-filosofia-y-letras\\\/#breadcrumb\"},\"inLanguage\":\"es\",\"potentialAction\":[{\"@type\":\"ReadAction\",\"target\":[\"https:\\\/\\\/vivifrancia.com.ar\\\/2026\\\/vivi-francia-junto-a-la-facultad-de-filosofia-y-letras\\\/\"]}]},{\"@type\":\"ImageObject\",\"inLanguage\":\"es\",\"@id\":\"https:\\\/\\\/vivifrancia.com.ar\\\/2026\\\/vivi-francia-junto-a-la-facultad-de-filosofia-y-letras\\\/#primaryimage\",\"url\":\"https:\\\/\\\/vivifrancia.com.ar\\\/2026\\\/wp-content\\\/uploads\\\/sites\\\/48\\\/uncuyo-4.jpg\",\"contentUrl\":\"https:\\\/\\\/vivifrancia.com.ar\\\/2026\\\/wp-content\\\/uploads\\\/sites\\\/48\\\/uncuyo-4.jpg\",\"width\":495,\"height\":400},{\"@type\":\"BreadcrumbList\",\"@id\":\"https:\\\/\\\/vivifrancia.com.ar\\\/2026\\\/vivi-francia-junto-a-la-facultad-de-filosofia-y-letras\\\/#breadcrumb\",\"itemListElement\":[{\"@type\":\"ListItem\",\"position\":1,\"name\":\"Portada\",\"item\":\"https:\\\/\\\/vivifrancia.com.ar\\\/2026\\\/\"},{\"@type\":\"ListItem\",\"position\":2,\"name\":\"Viv\u00ed Francia junto a la Facultad de Filosof\u00eda y Letras\"}]},{\"@type\":\"WebSite\",\"@id\":\"https:\\\/\\\/vivifrancia.com.ar\\\/2026\\\/#website\",\"url\":\"https:\\\/\\\/vivifrancia.com.ar\\\/2026\\\/\",\"name\":\"Viv\u00ed Francia 2026\",\"description\":\"Las semanas francesas en Argentina\",\"potentialAction\":[{\"@type\":\"SearchAction\",\"target\":{\"@type\":\"EntryPoint\",\"urlTemplate\":\"https:\\\/\\\/vivifrancia.com.ar\\\/2026\\\/?s={search_term_string}\"},\"query-input\":{\"@type\":\"PropertyValueSpecification\",\"valueRequired\":true,\"valueName\":\"search_term_string\"}}],\"inLanguage\":\"es\"},{\"@type\":\"Person\",\"@id\":\"https:\\\/\\\/vivifrancia.com.ar\\\/2026\\\/#\\\/schema\\\/person\\\/164fe613e289dfc3e7d837aca931c42c\",\"name\":\"datae\",\"image\":{\"@type\":\"ImageObject\",\"inLanguage\":\"es\",\"@id\":\"https:\\\/\\\/secure.gravatar.com\\\/avatar\\\/952f194b260d223ad202e438736c9fe26b2ffa5bd65b213b03cc433613641a84?s=96&d=mm&r=g\",\"url\":\"https:\\\/\\\/secure.gravatar.com\\\/avatar\\\/952f194b260d223ad202e438736c9fe26b2ffa5bd65b213b03cc433613641a84?s=96&d=mm&r=g\",\"contentUrl\":\"https:\\\/\\\/secure.gravatar.com\\\/avatar\\\/952f194b260d223ad202e438736c9fe26b2ffa5bd65b213b03cc433613641a84?s=96&d=mm&r=g\",\"caption\":\"datae\"},\"url\":\"https:\\\/\\\/vivifrancia.com.ar\\\/2026\\\/author\\\/datae\\\/\"}]}<\/script>\n<!-- \/ Yoast SEO plugin. -->","yoast_head_json":{"title":"Viv\u00ed Francia junto a la Facultad de Filosof\u00eda y Letras - Viv\u00ed Francia 2026","robots":{"index":"index","follow":"follow","max-snippet":"max-snippet:-1","max-image-preview":"max-image-preview:large","max-video-preview":"max-video-preview:-1"},"canonical":"https:\/\/vivifrancia.com.ar\/2026\/vivi-francia-junto-a-la-facultad-de-filosofia-y-letras\/","og_locale":"es_ES","og_type":"article","og_title":"Viv\u00ed Francia junto a la Facultad de Filosof\u00eda y Letras - Viv\u00ed Francia 2026","og_description":"18\/9 - Ciudad de Mendoza","og_url":"https:\/\/vivifrancia.com.ar\/2026\/vivi-francia-junto-a-la-facultad-de-filosofia-y-letras\/","og_site_name":"Viv\u00ed Francia 2026","article_publisher":"https:\/\/www.facebook.com\/vivifranciaba","article_published_time":"2026-09-03T14:46:26+00:00","article_modified_time":"2026-09-03T17:37:22+00:00","og_image":[{"width":495,"height":400,"url":"https:\/\/vivifrancia.com.ar\/2026\/wp-content\/uploads\/sites\/48\/uncuyo-4.jpg","type":"image\/jpeg"}],"author":"datae","twitter_card":"summary_large_image","twitter_misc":{"Escrito por":"datae","Tiempo de lectura":"2 minutos"},"schema":{"@context":"https:\/\/schema.org","@graph":[{"@type":"Article","@id":"https:\/\/vivifrancia.com.ar\/2026\/vivi-francia-junto-a-la-facultad-de-filosofia-y-letras\/#article","isPartOf":{"@id":"https:\/\/vivifrancia.com.ar\/2026\/vivi-francia-junto-a-la-facultad-de-filosofia-y-letras\/"},"author":{"name":"datae","@id":"https:\/\/vivifrancia.com.ar\/2026\/#\/schema\/person\/164fe613e289dfc3e7d837aca931c42c"},"headline":"Viv\u00ed Francia junto a la Facultad de Filosof\u00eda y Letras","datePublished":"2026-09-03T14:46:26+00:00","dateModified":"2026-09-03T17:37:22+00:00","mainEntityOfPage":{"@id":"https:\/\/vivifrancia.com.ar\/2026\/vivi-francia-junto-a-la-facultad-de-filosofia-y-letras\/"},"wordCount":1145,"image":{"@id":"https:\/\/vivifrancia.com.ar\/2026\/vivi-francia-junto-a-la-facultad-de-filosofia-y-letras\/#primaryimage"},"thumbnailUrl":"https:\/\/vivifrancia.com.ar\/2026\/wp-content\/uploads\/sites\/48\/uncuyo-4.jpg","articleSection":["Visitas Guiadas","Idioma","Regi\u00f3n Cuyo","Conferencias y talleres","Viernes 18\/09"],"inLanguage":"es"},{"@type":"WebPage","@id":"https:\/\/vivifrancia.com.ar\/2026\/vivi-francia-junto-a-la-facultad-de-filosofia-y-letras\/","url":"https:\/\/vivifrancia.com.ar\/2026\/vivi-francia-junto-a-la-facultad-de-filosofia-y-letras\/","name":"Viv\u00ed Francia junto a la Facultad de Filosof\u00eda y Letras - Viv\u00ed Francia 2026","isPartOf":{"@id":"https:\/\/vivifrancia.com.ar\/2026\/#website"},"primaryImageOfPage":{"@id":"https:\/\/vivifrancia.com.ar\/2026\/vivi-francia-junto-a-la-facultad-de-filosofia-y-letras\/#primaryimage"},"image":{"@id":"https:\/\/vivifrancia.com.ar\/2026\/vivi-francia-junto-a-la-facultad-de-filosofia-y-letras\/#primaryimage"},"thumbnailUrl":"https:\/\/vivifrancia.com.ar\/2026\/wp-content\/uploads\/sites\/48\/uncuyo-4.jpg","datePublished":"2026-09-03T14:46:26+00:00","dateModified":"2026-09-03T17:37:22+00:00","author":{"@id":"https:\/\/vivifrancia.com.ar\/2026\/#\/schema\/person\/164fe613e289dfc3e7d837aca931c42c"},"breadcrumb":{"@id":"https:\/\/vivifrancia.com.ar\/2026\/vivi-francia-junto-a-la-facultad-de-filosofia-y-letras\/#breadcrumb"},"inLanguage":"es","potentialAction":[{"@type":"ReadAction","target":["https:\/\/vivifrancia.com.ar\/2026\/vivi-francia-junto-a-la-facultad-de-filosofia-y-letras\/"]}]},{"@type":"ImageObject","inLanguage":"es","@id":"https:\/\/vivifrancia.com.ar\/2026\/vivi-francia-junto-a-la-facultad-de-filosofia-y-letras\/#primaryimage","url":"https:\/\/vivifrancia.com.ar\/2026\/wp-content\/uploads\/sites\/48\/uncuyo-4.jpg","contentUrl":"https:\/\/vivifrancia.com.ar\/2026\/wp-content\/uploads\/sites\/48\/uncuyo-4.jpg","width":495,"height":400},{"@type":"BreadcrumbList","@id":"https:\/\/vivifrancia.com.ar\/2026\/vivi-francia-junto-a-la-facultad-de-filosofia-y-letras\/#breadcrumb","itemListElement":[{"@type":"ListItem","position":1,"name":"Portada","item":"https:\/\/vivifrancia.com.ar\/2026\/"},{"@type":"ListItem","position":2,"name":"Viv\u00ed Francia junto a la Facultad de Filosof\u00eda y Letras"}]},{"@type":"WebSite","@id":"https:\/\/vivifrancia.com.ar\/2026\/#website","url":"https:\/\/vivifrancia.com.ar\/2026\/","name":"Viv\u00ed Francia 2026","description":"Las semanas francesas en Argentina","potentialAction":[{"@type":"SearchAction","target":{"@type":"EntryPoint","urlTemplate":"https:\/\/vivifrancia.com.ar\/2026\/?s={search_term_string}"},"query-input":{"@type":"PropertyValueSpecification","valueRequired":true,"valueName":"search_term_string"}}],"inLanguage":"es"},{"@type":"Person","@id":"https:\/\/vivifrancia.com.ar\/2026\/#\/schema\/person\/164fe613e289dfc3e7d837aca931c42c","name":"datae","image":{"@type":"ImageObject","inLanguage":"es","@id":"https:\/\/secure.gravatar.com\/avatar\/952f194b260d223ad202e438736c9fe26b2ffa5bd65b213b03cc433613641a84?s=96&d=mm&r=g","url":"https:\/\/secure.gravatar.com\/avatar\/952f194b260d223ad202e438736c9fe26b2ffa5bd65b213b03cc433613641a84?s=96&d=mm&r=g","contentUrl":"https:\/\/secure.gravatar.com\/avatar\/952f194b260d223ad202e438736c9fe26b2ffa5bd65b213b03cc433613641a84?s=96&d=mm&r=g","caption":"datae"},"url":"https:\/\/vivifrancia.com.ar\/2026\/author\/datae\/"}]}},"_links":{"self":[{"href":"https:\/\/vivifrancia.com.ar\/2026\/wp-json\/wp\/v2\/posts\/17993","targetHints":{"allow":["GET"]}}],"collection":[{"href":"https:\/\/vivifrancia.com.ar\/2026\/wp-json\/wp\/v2\/posts"}],"about":[{"href":"https:\/\/vivifrancia.com.ar\/2026\/wp-json\/wp\/v2\/types\/post"}],"author":[{"embeddable":true,"href":"https:\/\/vivifrancia.com.ar\/2026\/wp-json\/wp\/v2\/users\/7"}],"replies":[{"embeddable":true,"href":"https:\/\/vivifrancia.com.ar\/2026\/wp-json\/wp\/v2\/comments?post=17993"}],"version-history":[{"count":4,"href":"https:\/\/vivifrancia.com.ar\/2026\/wp-json\/wp\/v2\/posts\/17993\/revisions"}],"predecessor-version":[{"id":18078,"href":"https:\/\/vivifrancia.com.ar\/2026\/wp-json\/wp\/v2\/posts\/17993\/revisions\/18078"}],"wp:featuredmedia":[{"embeddable":true,"href":"https:\/\/vivifrancia.com.ar\/2026\/wp-json\/wp\/v2\/media\/17995"}],"wp:attachment":[{"href":"https:\/\/vivifrancia.com.ar\/2026\/wp-json\/wp\/v2\/media?parent=17993"}],"wp:term":[{"taxonomy":"category","embeddable":true,"href":"https:\/\/vivifrancia.com.ar\/2026\/wp-json\/wp\/v2\/categories?post=17993"},{"taxonomy":"post_tag","embeddable":true,"href":"https:\/\/vivifrancia.com.ar\/2026\/wp-json\/wp\/v2\/tags?post=17993"}],"curies":[{"name":"wp","href":"https:\/\/api.w.org\/{rel}","templated":true}]}}