{"id":17952,"date":"2026-09-02T18:58:37","date_gmt":"2026-09-02T18:58:37","guid":{"rendered":"https:\/\/vivifrancia.com.ar\/2026\/?p=17952"},"modified":"2026-09-03T17:44:15","modified_gmt":"2026-09-03T17:44:15","slug":"bodega-jean-bousquet","status":"publish","type":"post","link":"https:\/\/vivifrancia.com.ar\/2026\/bodega-jean-bousquet\/","title":{"rendered":"Bodega Jean Bousquet"},"content":{"rendered":"\n<style type=\"text\/css\" data-created_by=\"avia_inline_auto\" id=\"style-css-av-mtkgfmg7-9c122873b8648097fe5a89364f811c43\">\n.iconbox.av-mtkgfmg7-9c122873b8648097fe5a89364f811c43 .iconbox_content_container{\ncolor:#4c4c4c;\n}\n<\/style>\n<article  class='iconbox iconbox_left av-mtkgfmg7-9c122873b8648097fe5a89364f811c43  avia-builder-el-0  el_before_av_one_half  avia-builder-el-first '  itemscope=\"itemscope\" itemtype=\"https:\/\/schema.org\/BlogPosting\" itemprop=\"blogPost\" ><div class=\"iconbox_content\"><header class=\"entry-content-header\" aria-label=\"Icon: Bodega Jean Bousquet\"><div class='iconbox_icon heading-color avia-iconfont avia-font-entypo-fontello' data-av_icon='\ue85b' data-av_iconfont='entypo-fontello'  ><\/div><h3 class='iconbox_content_title '  itemprop=\"headline\" >Bodega Jean Bousquet<\/h3><\/header><div class='iconbox_content_container av_inherit_color'  itemprop=\"text\" ><p>05\/09 &#8211; de 12 a 20 hs<\/p>\n<\/div><\/div><footer class=\"entry-footer\"><\/footer><\/article>\n<div  class='flex_column av-37bo9eo-abe1fb9721b359e0be2ec316f75fefd8 av_one_half  avia-builder-el-1  el_after_av_icon_box  el_before_av_one_half  first flex_column_div  '     ><style type=\"text\/css\" data-created_by=\"avia_inline_auto\" id=\"style-css-av-mtkgjskj-423edaef497f9d9a9dd0c32ebd2b29fb\">\n.avia-image-container.av-mtkgjskj-423edaef497f9d9a9dd0c32ebd2b29fb img.avia_image{\nbox-shadow:none;\n}\n.avia-image-container.av-mtkgjskj-423edaef497f9d9a9dd0c32ebd2b29fb .av-image-caption-overlay-center{\ncolor:#ffffff;\n}\n<\/style>\n<div  class='avia-image-container av-mtkgjskj-423edaef497f9d9a9dd0c32ebd2b29fb av-styling- avia_animated_image av-animated-when-visible-95 left-to-right avia-align-left  avia-builder-el-2  avia-builder-el-no-sibling '   itemprop=\"image\" itemscope=\"itemscope\" itemtype=\"https:\/\/schema.org\/ImageObject\" ><div class=\"avia-image-container-inner\"><div class=\"avia-image-overlay-wrap\"><img decoding=\"async\" fetchpriority=\"high\" class='wp-image-17955 avia-img-lazy-loading-not-17955 avia_image ' src=\"https:\/\/vivifrancia.com.ar\/2026\/wp-content\/uploads\/sites\/48\/Bouquet2.jpg\" alt='' title='Bouquet2'  height=\"532\" width=\"800\"  itemprop=\"thumbnailUrl\" srcset=\"https:\/\/vivifrancia.com.ar\/2026\/wp-content\/uploads\/sites\/48\/Bouquet2.jpg 800w, https:\/\/vivifrancia.com.ar\/2026\/wp-content\/uploads\/sites\/48\/Bouquet2-300x200.jpg 300w, https:\/\/vivifrancia.com.ar\/2026\/wp-content\/uploads\/sites\/48\/Bouquet2-768x511.jpg 768w, https:\/\/vivifrancia.com.ar\/2026\/wp-content\/uploads\/sites\/48\/Bouquet2-705x469.jpg 705w\" sizes=\"(max-width: 800px) 100vw, 800px\" \/><\/div><\/div><\/div><\/div>\n<div  class='flex_column av-2mjn8yo-3b0f32295224f02e7f210e7631ff9c9d av_one_half  avia-builder-el-3  el_after_av_one_half  el_before_av_hr  flex_column_div  '     ><style type=\"text\/css\" data-created_by=\"avia_inline_auto\" id=\"style-css-av-mtkgkb22-84c0e5d44f98ab9512b3c153073e5bd5\">\n.avia-image-container.av-mtkgkb22-84c0e5d44f98ab9512b3c153073e5bd5 img.avia_image{\nbox-shadow:none;\n}\n.avia-image-container.av-mtkgkb22-84c0e5d44f98ab9512b3c153073e5bd5 .av-image-caption-overlay-center{\ncolor:#ffffff;\n}\n<\/style>\n<div  class='avia-image-container av-mtkgkb22-84c0e5d44f98ab9512b3c153073e5bd5 av-styling- avia_animated_image av-animated-when-visible-95 left-to-right avia-align-left  avia-builder-el-4  avia-builder-el-no-sibling '   itemprop=\"image\" itemscope=\"itemscope\" itemtype=\"https:\/\/schema.org\/ImageObject\" ><div class=\"avia-image-container-inner\"><div class=\"avia-image-overlay-wrap\"><img decoding=\"async\" fetchpriority=\"high\" class='wp-image-17954 avia-img-lazy-loading-not-17954 avia_image ' src=\"https:\/\/vivifrancia.com.ar\/2026\/wp-content\/uploads\/sites\/48\/Bouquet3.jpg\" alt='' title='Bouquet3'  height=\"532\" width=\"800\"  itemprop=\"thumbnailUrl\" srcset=\"https:\/\/vivifrancia.com.ar\/2026\/wp-content\/uploads\/sites\/48\/Bouquet3.jpg 800w, https:\/\/vivifrancia.com.ar\/2026\/wp-content\/uploads\/sites\/48\/Bouquet3-300x200.jpg 300w, https:\/\/vivifrancia.com.ar\/2026\/wp-content\/uploads\/sites\/48\/Bouquet3-768x511.jpg 768w, https:\/\/vivifrancia.com.ar\/2026\/wp-content\/uploads\/sites\/48\/Bouquet3-705x469.jpg 705w\" sizes=\"(max-width: 800px) 100vw, 800px\" \/><\/div><\/div><\/div><\/div>\n\n<style type=\"text\/css\" data-created_by=\"avia_inline_auto\" id=\"style-css-av-22oaxmo-07cc483fac737036212ab6d859de0bb9\">\n#top .hr.hr-invisible.av-22oaxmo-07cc483fac737036212ab6d859de0bb9{\nheight:10px;\n}\n<\/style>\n<div  class='hr av-22oaxmo-07cc483fac737036212ab6d859de0bb9 hr-invisible  avia-builder-el-5  el_after_av_one_half  el_before_av_two_third '><span class='hr-inner '><span class=\"hr-inner-style\"><\/span><\/span><\/div>\n\n<style type=\"text\/css\" data-created_by=\"avia_inline_auto\" id=\"style-css-av-1kpb6jk-1ad89e4354497ada23bdb3198f607acc\">\n.flex_column.av-1kpb6jk-1ad89e4354497ada23bdb3198f607acc{\nborder-radius:0px 0px 0px 0px;\npadding:0px 0px 0px 0px;\n}\n<\/style>\n<div  class='flex_column av-1kpb6jk-1ad89e4354497ada23bdb3198f607acc av_two_third  avia-builder-el-6  el_after_av_hr  el_before_av_one_third  first flex_column_div av-zero-column-padding  '     ><p>\n<style type=\"text\/css\" data-created_by=\"avia_inline_auto\" id=\"style-css-av-mtkgfxm9-15725c3f7466209ba6d8f4cedc8f5bf6\">\n#top .av_textblock_section.av-mtkgfxm9-15725c3f7466209ba6d8f4cedc8f5bf6 .avia_textblock{\nfont-size:15px;\n}\n<\/style>\n<section  class='av_textblock_section av-mtkgfxm9-15725c3f7466209ba6d8f4cedc8f5bf6 '   itemscope=\"itemscope\" itemtype=\"https:\/\/schema.org\/BlogPosting\" itemprop=\"blogPost\" ><div class='avia_textblock'  itemprop=\"text\" ><p><span style=\"font-weight: 400\">Nave Cultural, Las Cubas 201, Ciudad de Mendoza<\/span><\/p>\n<p><b>comercial.jeanbousquet@gmail.com<\/b><\/p>\n<p><b>Sin inscripci\u00f3n previa<\/b><\/p>\n<p><span style=\"font-weight: 400\">Presentaci\u00f3n de <\/span><b>Bodega Jean Bousquet<\/b><span style=\"font-weight: 400\">, dedicada al cultivo de vi\u00f1edos y la producci\u00f3n de vinos. La bodega desarrolla adem\u00e1s propuestas de <\/span><b>enoturismo, gastronom\u00eda y eventos<\/b><span style=\"font-weight: 400\">, y cuenta con restaurante y sal\u00f3n para la realizaci\u00f3n de eventos.<\/span><\/p>\n<\/div><\/section><br \/>\n\n<style type=\"text\/css\" data-created_by=\"avia_inline_auto\" id=\"style-css-av-19mph1c-0dec60c6db9ec3e185051946e8187a5c\">\n#top .hr.hr-invisible.av-19mph1c-0dec60c6db9ec3e185051946e8187a5c{\nheight:10px;\n}\n<\/style>\n<div  class='hr av-19mph1c-0dec60c6db9ec3e185051946e8187a5c hr-invisible  avia-builder-el-8  el_after_av_textblock  el_before_av_image '><span class='hr-inner '><span class=\"hr-inner-style\"><\/span><\/span><\/div><br \/>\n\n<style type=\"text\/css\" data-created_by=\"avia_inline_auto\" id=\"style-css-av-mtkgkuvq-9bb2ac25c46655642e8a5f9c1d77d33a\">\n.avia-image-container.av-mtkgkuvq-9bb2ac25c46655642e8a5f9c1d77d33a img.avia_image{\nbox-shadow:none;\n}\n.avia-image-container.av-mtkgkuvq-9bb2ac25c46655642e8a5f9c1d77d33a .av-image-caption-overlay-center{\ncolor:#ffffff;\n}\n<\/style>\n<div  class='avia-image-container av-mtkgkuvq-9bb2ac25c46655642e8a5f9c1d77d33a av-styling- avia-align-left  avia-builder-el-9  el_after_av_hr  avia-builder-el-last '   itemprop=\"image\" itemscope=\"itemscope\" itemtype=\"https:\/\/schema.org\/ImageObject\" ><div class=\"avia-image-container-inner\"><div class=\"avia-image-overlay-wrap\"><img decoding=\"async\" fetchpriority=\"high\" class='wp-image-17953 avia-img-lazy-loading-not-17953 avia_image ' src=\"https:\/\/vivifrancia.com.ar\/2026\/wp-content\/uploads\/sites\/48\/Bouquet-300x171.jpg\" alt='' title='Bouquet'  height=\"171\" width=\"300\"  itemprop=\"thumbnailUrl\" srcset=\"https:\/\/vivifrancia.com.ar\/2026\/wp-content\/uploads\/sites\/48\/Bouquet-300x171.jpg 300w, https:\/\/vivifrancia.com.ar\/2026\/wp-content\/uploads\/sites\/48\/Bouquet.jpg 314w\" sizes=\"(max-width: 300px) 100vw, 300px\" \/><\/div><\/div><\/div><\/p><\/div>\n\n<style type=\"text\/css\" data-created_by=\"avia_inline_auto\" id=\"style-css-av-2z24f4-9b041310e56d9a6aa2a7924ab7c372e8\">\n.flex_column.av-2z24f4-9b041310e56d9a6aa2a7924ab7c372e8{\nborder-radius:0px 0px 0px 0px;\npadding:0px 0px 0px 0px;\n}\n<\/style>\n<div  class='flex_column av-2z24f4-9b041310e56d9a6aa2a7924ab7c372e8 av_one_third  avia-builder-el-10  el_after_av_two_third  avia-builder-el-last  flex_column_div av-zero-column-padding  '     ><\/div>\n","protected":false},"excerpt":{"rendered":"<p>5\/9 &#8211; Ciudad de Mendoza<\/p>\n","protected":false},"author":7,"featured_media":18027,"comment_status":"closed","ping_status":"closed","sticky":false,"template":"","format":"standard","meta":{"inline_featured_image":false,"footnotes":""},"categories":[111,125,234,241],"tags":[],"class_list":["post-17952","post","type-post","status-publish","format-standard","has-post-thumbnail","hentry","category-actividades-gourmet","category-region-cuyo","category-mercadito-frances","category-sabado-05-09"],"yoast_head":"<!-- This site is optimized with the Yoast SEO plugin v28.3 - https:\/\/yoast.com\/product\/yoast-seo-wordpress\/ -->\n<title>Bodega Jean Bousquet - Viv\u00ed Francia 2026<\/title>\n<meta name=\"robots\" content=\"index, follow, max-snippet:-1, max-image-preview:large, max-video-preview:-1\" \/>\n<link rel=\"canonical\" href=\"https:\/\/vivifrancia.com.ar\/2026\/bodega-jean-bousquet\/\" \/>\n<meta property=\"og:locale\" content=\"es_ES\" \/>\n<meta property=\"og:type\" content=\"article\" \/>\n<meta property=\"og:title\" content=\"Bodega Jean Bousquet - Viv\u00ed Francia 2026\" \/>\n<meta property=\"og:description\" content=\"5\/9 - Ciudad de Mendoza\" \/>\n<meta property=\"og:url\" content=\"https:\/\/vivifrancia.com.ar\/2026\/bodega-jean-bousquet\/\" \/>\n<meta property=\"og:site_name\" content=\"Viv\u00ed Francia 2026\" \/>\n<meta property=\"article:publisher\" content=\"https:\/\/www.facebook.com\/vivifranciaba\" \/>\n<meta property=\"article:published_time\" content=\"2026-09-02T18:58:37+00:00\" \/>\n<meta property=\"article:modified_time\" content=\"2026-09-03T17:44:15+00:00\" \/>\n<meta property=\"og:image\" content=\"https:\/\/vivifrancia.com.ar\/2026\/wp-content\/uploads\/sites\/48\/bouquet-1-1.jpg\" \/>\n\t<meta property=\"og:image:width\" content=\"495\" \/>\n\t<meta property=\"og:image:height\" content=\"400\" \/>\n\t<meta property=\"og:image:type\" content=\"image\/jpeg\" \/>\n<meta name=\"author\" content=\"datae\" \/>\n<meta name=\"twitter:card\" content=\"summary_large_image\" \/>\n<meta name=\"twitter:label1\" content=\"Escrito por\" \/>\n\t<meta name=\"twitter:data1\" content=\"datae\" \/>\n\t<meta name=\"twitter:label2\" content=\"Tiempo de lectura\" \/>\n\t<meta name=\"twitter:data2\" content=\"1 minuto\" \/>\n<script type=\"application\/ld+json\" class=\"yoast-schema-graph\">{\"@context\":\"https:\\\/\\\/schema.org\",\"@graph\":[{\"@type\":\"Article\",\"@id\":\"https:\\\/\\\/vivifrancia.com.ar\\\/2026\\\/bodega-jean-bousquet\\\/#article\",\"isPartOf\":{\"@id\":\"https:\\\/\\\/vivifrancia.com.ar\\\/2026\\\/bodega-jean-bousquet\\\/\"},\"author\":{\"name\":\"datae\",\"@id\":\"https:\\\/\\\/vivifrancia.com.ar\\\/2026\\\/#\\\/schema\\\/person\\\/164fe613e289dfc3e7d837aca931c42c\"},\"headline\":\"Bodega Jean Bousquet\",\"datePublished\":\"2026-09-02T18:58:37+00:00\",\"dateModified\":\"2026-09-03T17:44:15+00:00\",\"mainEntityOfPage\":{\"@id\":\"https:\\\/\\\/vivifrancia.com.ar\\\/2026\\\/bodega-jean-bousquet\\\/\"},\"wordCount\":1866,\"image\":{\"@id\":\"https:\\\/\\\/vivifrancia.com.ar\\\/2026\\\/bodega-jean-bousquet\\\/#primaryimage\"},\"thumbnailUrl\":\"https:\\\/\\\/vivifrancia.com.ar\\\/2026\\\/wp-content\\\/uploads\\\/sites\\\/48\\\/bouquet-1-1.jpg\",\"articleSection\":[\"Actividades Gourmet\",\"Regi\u00f3n Cuyo\",\"Mercadito Franc\u00e9s\",\"S\u00e1bado 05\\\/09\"],\"inLanguage\":\"es\"},{\"@type\":\"WebPage\",\"@id\":\"https:\\\/\\\/vivifrancia.com.ar\\\/2026\\\/bodega-jean-bousquet\\\/\",\"url\":\"https:\\\/\\\/vivifrancia.com.ar\\\/2026\\\/bodega-jean-bousquet\\\/\",\"name\":\"Bodega Jean Bousquet - Viv\u00ed Francia 2026\",\"isPartOf\":{\"@id\":\"https:\\\/\\\/vivifrancia.com.ar\\\/2026\\\/#website\"},\"primaryImageOfPage\":{\"@id\":\"https:\\\/\\\/vivifrancia.com.ar\\\/2026\\\/bodega-jean-bousquet\\\/#primaryimage\"},\"image\":{\"@id\":\"https:\\\/\\\/vivifrancia.com.ar\\\/2026\\\/bodega-jean-bousquet\\\/#primaryimage\"},\"thumbnailUrl\":\"https:\\\/\\\/vivifrancia.com.ar\\\/2026\\\/wp-content\\\/uploads\\\/sites\\\/48\\\/bouquet-1-1.jpg\",\"datePublished\":\"2026-09-02T18:58:37+00:00\",\"dateModified\":\"2026-09-03T17:44:15+00:00\",\"author\":{\"@id\":\"https:\\\/\\\/vivifrancia.com.ar\\\/2026\\\/#\\\/schema\\\/person\\\/164fe613e289dfc3e7d837aca931c42c\"},\"breadcrumb\":{\"@id\":\"https:\\\/\\\/vivifrancia.com.ar\\\/2026\\\/bodega-jean-bousquet\\\/#breadcrumb\"},\"inLanguage\":\"es\",\"potentialAction\":[{\"@type\":\"ReadAction\",\"target\":[\"https:\\\/\\\/vivifrancia.com.ar\\\/2026\\\/bodega-jean-bousquet\\\/\"]}]},{\"@type\":\"ImageObject\",\"inLanguage\":\"es\",\"@id\":\"https:\\\/\\\/vivifrancia.com.ar\\\/2026\\\/bodega-jean-bousquet\\\/#primaryimage\",\"url\":\"https:\\\/\\\/vivifrancia.com.ar\\\/2026\\\/wp-content\\\/uploads\\\/sites\\\/48\\\/bouquet-1-1.jpg\",\"contentUrl\":\"https:\\\/\\\/vivifrancia.com.ar\\\/2026\\\/wp-content\\\/uploads\\\/sites\\\/48\\\/bouquet-1-1.jpg\",\"width\":495,\"height\":400},{\"@type\":\"BreadcrumbList\",\"@id\":\"https:\\\/\\\/vivifrancia.com.ar\\\/2026\\\/bodega-jean-bousquet\\\/#breadcrumb\",\"itemListElement\":[{\"@type\":\"ListItem\",\"position\":1,\"name\":\"Portada\",\"item\":\"https:\\\/\\\/vivifrancia.com.ar\\\/2026\\\/\"},{\"@type\":\"ListItem\",\"position\":2,\"name\":\"Bodega Jean Bousquet\"}]},{\"@type\":\"WebSite\",\"@id\":\"https:\\\/\\\/vivifrancia.com.ar\\\/2026\\\/#website\",\"url\":\"https:\\\/\\\/vivifrancia.com.ar\\\/2026\\\/\",\"name\":\"Viv\u00ed Francia 2026\",\"description\":\"Las semanas francesas en Argentina\",\"potentialAction\":[{\"@type\":\"SearchAction\",\"target\":{\"@type\":\"EntryPoint\",\"urlTemplate\":\"https:\\\/\\\/vivifrancia.com.ar\\\/2026\\\/?s={search_term_string}\"},\"query-input\":{\"@type\":\"PropertyValueSpecification\",\"valueRequired\":true,\"valueName\":\"search_term_string\"}}],\"inLanguage\":\"es\"},{\"@type\":\"Person\",\"@id\":\"https:\\\/\\\/vivifrancia.com.ar\\\/2026\\\/#\\\/schema\\\/person\\\/164fe613e289dfc3e7d837aca931c42c\",\"name\":\"datae\",\"image\":{\"@type\":\"ImageObject\",\"inLanguage\":\"es\",\"@id\":\"https:\\\/\\\/secure.gravatar.com\\\/avatar\\\/952f194b260d223ad202e438736c9fe26b2ffa5bd65b213b03cc433613641a84?s=96&d=mm&r=g\",\"url\":\"https:\\\/\\\/secure.gravatar.com\\\/avatar\\\/952f194b260d223ad202e438736c9fe26b2ffa5bd65b213b03cc433613641a84?s=96&d=mm&r=g\",\"contentUrl\":\"https:\\\/\\\/secure.gravatar.com\\\/avatar\\\/952f194b260d223ad202e438736c9fe26b2ffa5bd65b213b03cc433613641a84?s=96&d=mm&r=g\",\"caption\":\"datae\"},\"url\":\"https:\\\/\\\/vivifrancia.com.ar\\\/2026\\\/author\\\/datae\\\/\"}]}<\/script>\n<!-- \/ Yoast SEO plugin. -->","yoast_head_json":{"title":"Bodega Jean Bousquet - Viv\u00ed Francia 2026","robots":{"index":"index","follow":"follow","max-snippet":"max-snippet:-1","max-image-preview":"max-image-preview:large","max-video-preview":"max-video-preview:-1"},"canonical":"https:\/\/vivifrancia.com.ar\/2026\/bodega-jean-bousquet\/","og_locale":"es_ES","og_type":"article","og_title":"Bodega Jean Bousquet - Viv\u00ed Francia 2026","og_description":"5\/9 - Ciudad de Mendoza","og_url":"https:\/\/vivifrancia.com.ar\/2026\/bodega-jean-bousquet\/","og_site_name":"Viv\u00ed Francia 2026","article_publisher":"https:\/\/www.facebook.com\/vivifranciaba","article_published_time":"2026-09-02T18:58:37+00:00","article_modified_time":"2026-09-03T17:44:15+00:00","og_image":[{"width":495,"height":400,"url":"https:\/\/vivifrancia.com.ar\/2026\/wp-content\/uploads\/sites\/48\/bouquet-1-1.jpg","type":"image\/jpeg"}],"author":"datae","twitter_card":"summary_large_image","twitter_misc":{"Escrito por":"datae","Tiempo de lectura":"1 minuto"},"schema":{"@context":"https:\/\/schema.org","@graph":[{"@type":"Article","@id":"https:\/\/vivifrancia.com.ar\/2026\/bodega-jean-bousquet\/#article","isPartOf":{"@id":"https:\/\/vivifrancia.com.ar\/2026\/bodega-jean-bousquet\/"},"author":{"name":"datae","@id":"https:\/\/vivifrancia.com.ar\/2026\/#\/schema\/person\/164fe613e289dfc3e7d837aca931c42c"},"headline":"Bodega Jean Bousquet","datePublished":"2026-09-02T18:58:37+00:00","dateModified":"2026-09-03T17:44:15+00:00","mainEntityOfPage":{"@id":"https:\/\/vivifrancia.com.ar\/2026\/bodega-jean-bousquet\/"},"wordCount":1866,"image":{"@id":"https:\/\/vivifrancia.com.ar\/2026\/bodega-jean-bousquet\/#primaryimage"},"thumbnailUrl":"https:\/\/vivifrancia.com.ar\/2026\/wp-content\/uploads\/sites\/48\/bouquet-1-1.jpg","articleSection":["Actividades Gourmet","Regi\u00f3n Cuyo","Mercadito Franc\u00e9s","S\u00e1bado 05\/09"],"inLanguage":"es"},{"@type":"WebPage","@id":"https:\/\/vivifrancia.com.ar\/2026\/bodega-jean-bousquet\/","url":"https:\/\/vivifrancia.com.ar\/2026\/bodega-jean-bousquet\/","name":"Bodega Jean Bousquet - Viv\u00ed Francia 2026","isPartOf":{"@id":"https:\/\/vivifrancia.com.ar\/2026\/#website"},"primaryImageOfPage":{"@id":"https:\/\/vivifrancia.com.ar\/2026\/bodega-jean-bousquet\/#primaryimage"},"image":{"@id":"https:\/\/vivifrancia.com.ar\/2026\/bodega-jean-bousquet\/#primaryimage"},"thumbnailUrl":"https:\/\/vivifrancia.com.ar\/2026\/wp-content\/uploads\/sites\/48\/bouquet-1-1.jpg","datePublished":"2026-09-02T18:58:37+00:00","dateModified":"2026-09-03T17:44:15+00:00","author":{"@id":"https:\/\/vivifrancia.com.ar\/2026\/#\/schema\/person\/164fe613e289dfc3e7d837aca931c42c"},"breadcrumb":{"@id":"https:\/\/vivifrancia.com.ar\/2026\/bodega-jean-bousquet\/#breadcrumb"},"inLanguage":"es","potentialAction":[{"@type":"ReadAction","target":["https:\/\/vivifrancia.com.ar\/2026\/bodega-jean-bousquet\/"]}]},{"@type":"ImageObject","inLanguage":"es","@id":"https:\/\/vivifrancia.com.ar\/2026\/bodega-jean-bousquet\/#primaryimage","url":"https:\/\/vivifrancia.com.ar\/2026\/wp-content\/uploads\/sites\/48\/bouquet-1-1.jpg","contentUrl":"https:\/\/vivifrancia.com.ar\/2026\/wp-content\/uploads\/sites\/48\/bouquet-1-1.jpg","width":495,"height":400},{"@type":"BreadcrumbList","@id":"https:\/\/vivifrancia.com.ar\/2026\/bodega-jean-bousquet\/#breadcrumb","itemListElement":[{"@type":"ListItem","position":1,"name":"Portada","item":"https:\/\/vivifrancia.com.ar\/2026\/"},{"@type":"ListItem","position":2,"name":"Bodega Jean Bousquet"}]},{"@type":"WebSite","@id":"https:\/\/vivifrancia.com.ar\/2026\/#website","url":"https:\/\/vivifrancia.com.ar\/2026\/","name":"Viv\u00ed Francia 2026","description":"Las semanas francesas en Argentina","potentialAction":[{"@type":"SearchAction","target":{"@type":"EntryPoint","urlTemplate":"https:\/\/vivifrancia.com.ar\/2026\/?s={search_term_string}"},"query-input":{"@type":"PropertyValueSpecification","valueRequired":true,"valueName":"search_term_string"}}],"inLanguage":"es"},{"@type":"Person","@id":"https:\/\/vivifrancia.com.ar\/2026\/#\/schema\/person\/164fe613e289dfc3e7d837aca931c42c","name":"datae","image":{"@type":"ImageObject","inLanguage":"es","@id":"https:\/\/secure.gravatar.com\/avatar\/952f194b260d223ad202e438736c9fe26b2ffa5bd65b213b03cc433613641a84?s=96&d=mm&r=g","url":"https:\/\/secure.gravatar.com\/avatar\/952f194b260d223ad202e438736c9fe26b2ffa5bd65b213b03cc433613641a84?s=96&d=mm&r=g","contentUrl":"https:\/\/secure.gravatar.com\/avatar\/952f194b260d223ad202e438736c9fe26b2ffa5bd65b213b03cc433613641a84?s=96&d=mm&r=g","caption":"datae"},"url":"https:\/\/vivifrancia.com.ar\/2026\/author\/datae\/"}]}},"_links":{"self":[{"href":"https:\/\/vivifrancia.com.ar\/2026\/wp-json\/wp\/v2\/posts\/17952","targetHints":{"allow":["GET"]}}],"collection":[{"href":"https:\/\/vivifrancia.com.ar\/2026\/wp-json\/wp\/v2\/posts"}],"about":[{"href":"https:\/\/vivifrancia.com.ar\/2026\/wp-json\/wp\/v2\/types\/post"}],"author":[{"embeddable":true,"href":"https:\/\/vivifrancia.com.ar\/2026\/wp-json\/wp\/v2\/users\/7"}],"replies":[{"embeddable":true,"href":"https:\/\/vivifrancia.com.ar\/2026\/wp-json\/wp\/v2\/comments?post=17952"}],"version-history":[{"count":3,"href":"https:\/\/vivifrancia.com.ar\/2026\/wp-json\/wp\/v2\/posts\/17952\/revisions"}],"predecessor-version":[{"id":18083,"href":"https:\/\/vivifrancia.com.ar\/2026\/wp-json\/wp\/v2\/posts\/17952\/revisions\/18083"}],"wp:featuredmedia":[{"embeddable":true,"href":"https:\/\/vivifrancia.com.ar\/2026\/wp-json\/wp\/v2\/media\/18027"}],"wp:attachment":[{"href":"https:\/\/vivifrancia.com.ar\/2026\/wp-json\/wp\/v2\/media?parent=17952"}],"wp:term":[{"taxonomy":"category","embeddable":true,"href":"https:\/\/vivifrancia.com.ar\/2026\/wp-json\/wp\/v2\/categories?post=17952"},{"taxonomy":"post_tag","embeddable":true,"href":"https:\/\/vivifrancia.com.ar\/2026\/wp-json\/wp\/v2\/tags?post=17952"}],"curies":[{"name":"wp","href":"https:\/\/api.w.org\/{rel}","templated":true}]}}