{"id":17949,"date":"2026-09-02T18:48:34","date_gmt":"2026-09-02T18:48:34","guid":{"rendered":"https:\/\/vivifrancia.com.ar\/2026\/?p=17949"},"modified":"2026-09-03T17:44:43","modified_gmt":"2026-09-03T17:44:43","slug":"ong-trashumantes-christophe-pognat","status":"publish","type":"post","link":"https:\/\/vivifrancia.com.ar\/2026\/ong-trashumantes-christophe-pognat\/","title":{"rendered":"ONG Trashumantes \u2013 Christophe Pognat"},"content":{"rendered":"\n<style type=\"text\/css\" data-created_by=\"avia_inline_auto\" id=\"style-css-av-mtkg2w7m-53740196e6861f349b1935d19cc87f91\">\n.iconbox.av-mtkg2w7m-53740196e6861f349b1935d19cc87f91 .iconbox_content_container{\ncolor:#4c4c4c;\n}\n<\/style>\n<article  class='iconbox iconbox_left av-mtkg2w7m-53740196e6861f349b1935d19cc87f91  avia-builder-el-0  el_before_av_hr  avia-builder-el-first '  itemscope=\"itemscope\" itemtype=\"https:\/\/schema.org\/BlogPosting\" itemprop=\"blogPost\" ><div class=\"iconbox_content\"><header class=\"entry-content-header\" aria-label=\"Icon: ONG Trashumantes \u2013 Christophe Pognat\"><div class='iconbox_icon heading-color avia-iconfont avia-font-entypo-fontello' data-av_icon='\ue85b' data-av_iconfont='entypo-fontello'  ><\/div><h3 class='iconbox_content_title '  itemprop=\"headline\" >ONG Trashumantes \u2013 Christophe Pognat<\/h3><\/header><div class='iconbox_content_container av_inherit_color'  itemprop=\"text\" ><p>05\/09 &#8211; de 12 a 20 hs<\/p>\n<\/div><\/div><footer class=\"entry-footer\"><\/footer><\/article>\n\n<style type=\"text\/css\" data-created_by=\"avia_inline_auto\" id=\"style-css-av-1zmzqyl-ab91763602ce6e8e6d3d9cee4d6fab71\">\n#top .hr.hr-invisible.av-1zmzqyl-ab91763602ce6e8e6d3d9cee4d6fab71{\nheight:10px;\n}\n<\/style>\n<div  class='hr av-1zmzqyl-ab91763602ce6e8e6d3d9cee4d6fab71 hr-invisible  avia-builder-el-1  el_after_av_icon_box  el_before_av_two_third '><span class='hr-inner '><span class=\"hr-inner-style\"><\/span><\/span><\/div>\n\n<style type=\"text\/css\" data-created_by=\"avia_inline_auto\" id=\"style-css-av-1fj97zx-2a4c26ee3e254a7cb886716deaf234d8\">\n.flex_column.av-1fj97zx-2a4c26ee3e254a7cb886716deaf234d8{\nborder-radius:0px 0px 0px 0px;\npadding:0px 0px 0px 0px;\n}\n<\/style>\n<div  class='flex_column av-1fj97zx-2a4c26ee3e254a7cb886716deaf234d8 av_two_third  avia-builder-el-2  el_after_av_hr  el_before_av_one_third  first flex_column_div av-zero-column-padding  '     ><p>\n<style type=\"text\/css\" data-created_by=\"avia_inline_auto\" id=\"style-css-av-mtkg7m6u-70c24f655b4b498097ee62eb8320bf92\">\n#top .av_textblock_section.av-mtkg7m6u-70c24f655b4b498097ee62eb8320bf92 .avia_textblock{\nfont-size:15px;\n}\n<\/style>\n<section  class='av_textblock_section av-mtkg7m6u-70c24f655b4b498097ee62eb8320bf92 '   itemscope=\"itemscope\" itemtype=\"https:\/\/schema.org\/BlogPosting\" itemprop=\"blogPost\" ><div class='avia_textblock'  itemprop=\"text\" ><p><span style=\"font-weight: 400\">Nave Cultural, Las Cubas 201, Ciudad de Mendoza<\/span><\/p>\n<p><b>Tel.<\/b><span style=\"font-weight: 400\"> +54 9 261 561-6292 \u2013 <\/span><b>trashumantesong@gmail.com<\/b><\/p>\n<p><b>Sin inscripci\u00f3n previa \u2013 Actividad para ni\u00f1os<\/b><\/p>\n<p><span style=\"font-weight: 400\">La <\/span><b>ONG Trashumantes<\/b><span style=\"font-weight: 400\">, dedicada a la educaci\u00f3n cultural y ambiental, propondr\u00e1 actividades para ni\u00f1os orientadas al descubrimiento y la sensibilizaci\u00f3n sobre la <\/span><b>fauna, la flora y el medio ambiente<\/b><span style=\"font-weight: 400\">.<\/span><\/p>\n<\/div><\/section><br \/>\n\n<style type=\"text\/css\" data-created_by=\"avia_inline_auto\" id=\"style-css-av-1a4v6zh-ef8f82870f4512aab46068af1aefde75\">\n#top .hr.hr-invisible.av-1a4v6zh-ef8f82870f4512aab46068af1aefde75{\nheight:10px;\n}\n<\/style>\n<div  class='hr av-1a4v6zh-ef8f82870f4512aab46068af1aefde75 hr-invisible  avia-builder-el-4  el_after_av_textblock  el_before_av_image '><span class='hr-inner '><span class=\"hr-inner-style\"><\/span><\/span><\/div><br \/>\n\n<style type=\"text\/css\" data-created_by=\"avia_inline_auto\" id=\"style-css-av-mtkg8jo6-df5eb990ea3aa997e6fb6f4ecf498255\">\n.avia-image-container.av-mtkg8jo6-df5eb990ea3aa997e6fb6f4ecf498255 img.avia_image{\nbox-shadow:none;\n}\n.avia-image-container.av-mtkg8jo6-df5eb990ea3aa997e6fb6f4ecf498255 .av-image-caption-overlay-center{\ncolor:#ffffff;\n}\n<\/style>\n<div  class='avia-image-container av-mtkg8jo6-df5eb990ea3aa997e6fb6f4ecf498255 av-styling- avia_animated_image av-animated-when-visible-95 left-to-right avia-align-left  avia-builder-el-5  el_after_av_hr  avia-builder-el-last '   itemprop=\"image\" itemscope=\"itemscope\" itemtype=\"https:\/\/schema.org\/ImageObject\" ><div class=\"avia-image-container-inner\"><div class=\"avia-image-overlay-wrap\"><img decoding=\"async\" fetchpriority=\"high\" class='wp-image-17857 avia-img-lazy-loading-not-17857 avia_image ' src=\"https:\/\/vivifrancia.com.ar\/2026\/wp-content\/uploads\/sites\/48\/nave-300x267.jpg\" alt='' title='nave'  height=\"267\" width=\"300\"  itemprop=\"thumbnailUrl\" srcset=\"https:\/\/vivifrancia.com.ar\/2026\/wp-content\/uploads\/sites\/48\/nave-300x267.jpg 300w, https:\/\/vivifrancia.com.ar\/2026\/wp-content\/uploads\/sites\/48\/nave.jpg 450w\" sizes=\"(max-width: 300px) 100vw, 300px\" \/><\/div><\/div><\/div><\/p><\/div>\n\n<style type=\"text\/css\" data-created_by=\"avia_inline_auto\" id=\"style-css-av-iq17st-6b40b97c90ee47df44d0f253c827c6df\">\n.flex_column.av-iq17st-6b40b97c90ee47df44d0f253c827c6df{\nborder-radius:0px 0px 0px 0px;\npadding:0px 0px 0px 0px;\n}\n<\/style>\n<div  class='flex_column av-iq17st-6b40b97c90ee47df44d0f253c827c6df av_one_third  avia-builder-el-6  el_after_av_two_third  avia-builder-el-last  flex_column_div av-zero-column-padding  '     ><\/div>\n","protected":false},"excerpt":{"rendered":"<p>5\/9 &#8211; Ciudad de Mendoza<\/p>\n","protected":false},"author":7,"featured_media":18013,"comment_status":"closed","ping_status":"closed","sticky":false,"template":"","format":"standard","meta":{"inline_featured_image":false,"footnotes":""},"categories":[234,241,125,129],"tags":[],"class_list":["post-17949","post","type-post","status-publish","format-standard","has-post-thumbnail","hentry","category-mercadito-frances","category-sabado-05-09","category-region-cuyo","category-conferencias-talleres"],"yoast_head":"<!-- This site is optimized with the Yoast SEO plugin v28.3 - https:\/\/yoast.com\/product\/yoast-seo-wordpress\/ -->\n<title>ONG Trashumantes \u2013 Christophe Pognat - Viv\u00ed Francia 2026<\/title>\n<meta name=\"robots\" content=\"index, follow, max-snippet:-1, max-image-preview:large, max-video-preview:-1\" \/>\n<link rel=\"canonical\" href=\"https:\/\/vivifrancia.com.ar\/2026\/ong-trashumantes-christophe-pognat\/\" \/>\n<meta property=\"og:locale\" content=\"es_ES\" \/>\n<meta property=\"og:type\" content=\"article\" \/>\n<meta property=\"og:title\" content=\"ONG Trashumantes \u2013 Christophe Pognat - Viv\u00ed Francia 2026\" \/>\n<meta property=\"og:description\" content=\"5\/9 - Ciudad de Mendoza\" \/>\n<meta property=\"og:url\" content=\"https:\/\/vivifrancia.com.ar\/2026\/ong-trashumantes-christophe-pognat\/\" \/>\n<meta property=\"og:site_name\" content=\"Viv\u00ed Francia 2026\" \/>\n<meta property=\"article:publisher\" content=\"https:\/\/www.facebook.com\/vivifranciaba\" \/>\n<meta property=\"article:published_time\" content=\"2026-09-02T18:48:34+00:00\" \/>\n<meta property=\"article:modified_time\" content=\"2026-09-03T17:44:43+00:00\" \/>\n<meta property=\"og:image\" content=\"https:\/\/vivifrancia.com.ar\/2026\/wp-content\/uploads\/sites\/48\/nave-1.jpg\" \/>\n\t<meta property=\"og:image:width\" content=\"495\" \/>\n\t<meta property=\"og:image:height\" content=\"400\" \/>\n\t<meta property=\"og:image:type\" content=\"image\/jpeg\" \/>\n<meta name=\"author\" content=\"datae\" \/>\n<meta name=\"twitter:card\" content=\"summary_large_image\" \/>\n<meta name=\"twitter:label1\" content=\"Escrito por\" \/>\n\t<meta name=\"twitter:data1\" content=\"datae\" \/>\n\t<meta name=\"twitter:label2\" content=\"Tiempo de lectura\" \/>\n\t<meta name=\"twitter:data2\" content=\"1 minuto\" \/>\n<script type=\"application\/ld+json\" class=\"yoast-schema-graph\">{\"@context\":\"https:\\\/\\\/schema.org\",\"@graph\":[{\"@type\":\"Article\",\"@id\":\"https:\\\/\\\/vivifrancia.com.ar\\\/2026\\\/ong-trashumantes-christophe-pognat\\\/#article\",\"isPartOf\":{\"@id\":\"https:\\\/\\\/vivifrancia.com.ar\\\/2026\\\/ong-trashumantes-christophe-pognat\\\/\"},\"author\":{\"name\":\"datae\",\"@id\":\"https:\\\/\\\/vivifrancia.com.ar\\\/2026\\\/#\\\/schema\\\/person\\\/164fe613e289dfc3e7d837aca931c42c\"},\"headline\":\"ONG Trashumantes \u2013 Christophe Pognat\",\"datePublished\":\"2026-09-02T18:48:34+00:00\",\"dateModified\":\"2026-09-03T17:44:43+00:00\",\"mainEntityOfPage\":{\"@id\":\"https:\\\/\\\/vivifrancia.com.ar\\\/2026\\\/ong-trashumantes-christophe-pognat\\\/\"},\"wordCount\":688,\"image\":{\"@id\":\"https:\\\/\\\/vivifrancia.com.ar\\\/2026\\\/ong-trashumantes-christophe-pognat\\\/#primaryimage\"},\"thumbnailUrl\":\"https:\\\/\\\/vivifrancia.com.ar\\\/2026\\\/wp-content\\\/uploads\\\/sites\\\/48\\\/nave-1.jpg\",\"articleSection\":[\"Mercadito Franc\u00e9s\",\"S\u00e1bado 05\\\/09\",\"Regi\u00f3n Cuyo\",\"Conferencias y talleres\"],\"inLanguage\":\"es\"},{\"@type\":\"WebPage\",\"@id\":\"https:\\\/\\\/vivifrancia.com.ar\\\/2026\\\/ong-trashumantes-christophe-pognat\\\/\",\"url\":\"https:\\\/\\\/vivifrancia.com.ar\\\/2026\\\/ong-trashumantes-christophe-pognat\\\/\",\"name\":\"ONG Trashumantes \u2013 Christophe Pognat - Viv\u00ed Francia 2026\",\"isPartOf\":{\"@id\":\"https:\\\/\\\/vivifrancia.com.ar\\\/2026\\\/#website\"},\"primaryImageOfPage\":{\"@id\":\"https:\\\/\\\/vivifrancia.com.ar\\\/2026\\\/ong-trashumantes-christophe-pognat\\\/#primaryimage\"},\"image\":{\"@id\":\"https:\\\/\\\/vivifrancia.com.ar\\\/2026\\\/ong-trashumantes-christophe-pognat\\\/#primaryimage\"},\"thumbnailUrl\":\"https:\\\/\\\/vivifrancia.com.ar\\\/2026\\\/wp-content\\\/uploads\\\/sites\\\/48\\\/nave-1.jpg\",\"datePublished\":\"2026-09-02T18:48:34+00:00\",\"dateModified\":\"2026-09-03T17:44:43+00:00\",\"author\":{\"@id\":\"https:\\\/\\\/vivifrancia.com.ar\\\/2026\\\/#\\\/schema\\\/person\\\/164fe613e289dfc3e7d837aca931c42c\"},\"breadcrumb\":{\"@id\":\"https:\\\/\\\/vivifrancia.com.ar\\\/2026\\\/ong-trashumantes-christophe-pognat\\\/#breadcrumb\"},\"inLanguage\":\"es\",\"potentialAction\":[{\"@type\":\"ReadAction\",\"target\":[\"https:\\\/\\\/vivifrancia.com.ar\\\/2026\\\/ong-trashumantes-christophe-pognat\\\/\"]}]},{\"@type\":\"ImageObject\",\"inLanguage\":\"es\",\"@id\":\"https:\\\/\\\/vivifrancia.com.ar\\\/2026\\\/ong-trashumantes-christophe-pognat\\\/#primaryimage\",\"url\":\"https:\\\/\\\/vivifrancia.com.ar\\\/2026\\\/wp-content\\\/uploads\\\/sites\\\/48\\\/nave-1.jpg\",\"contentUrl\":\"https:\\\/\\\/vivifrancia.com.ar\\\/2026\\\/wp-content\\\/uploads\\\/sites\\\/48\\\/nave-1.jpg\",\"width\":495,\"height\":400},{\"@type\":\"BreadcrumbList\",\"@id\":\"https:\\\/\\\/vivifrancia.com.ar\\\/2026\\\/ong-trashumantes-christophe-pognat\\\/#breadcrumb\",\"itemListElement\":[{\"@type\":\"ListItem\",\"position\":1,\"name\":\"Portada\",\"item\":\"https:\\\/\\\/vivifrancia.com.ar\\\/2026\\\/\"},{\"@type\":\"ListItem\",\"position\":2,\"name\":\"ONG Trashumantes \u2013 Christophe Pognat\"}]},{\"@type\":\"WebSite\",\"@id\":\"https:\\\/\\\/vivifrancia.com.ar\\\/2026\\\/#website\",\"url\":\"https:\\\/\\\/vivifrancia.com.ar\\\/2026\\\/\",\"name\":\"Viv\u00ed Francia 2026\",\"description\":\"Las semanas francesas en Argentina\",\"potentialAction\":[{\"@type\":\"SearchAction\",\"target\":{\"@type\":\"EntryPoint\",\"urlTemplate\":\"https:\\\/\\\/vivifrancia.com.ar\\\/2026\\\/?s={search_term_string}\"},\"query-input\":{\"@type\":\"PropertyValueSpecification\",\"valueRequired\":true,\"valueName\":\"search_term_string\"}}],\"inLanguage\":\"es\"},{\"@type\":\"Person\",\"@id\":\"https:\\\/\\\/vivifrancia.com.ar\\\/2026\\\/#\\\/schema\\\/person\\\/164fe613e289dfc3e7d837aca931c42c\",\"name\":\"datae\",\"image\":{\"@type\":\"ImageObject\",\"inLanguage\":\"es\",\"@id\":\"https:\\\/\\\/secure.gravatar.com\\\/avatar\\\/952f194b260d223ad202e438736c9fe26b2ffa5bd65b213b03cc433613641a84?s=96&d=mm&r=g\",\"url\":\"https:\\\/\\\/secure.gravatar.com\\\/avatar\\\/952f194b260d223ad202e438736c9fe26b2ffa5bd65b213b03cc433613641a84?s=96&d=mm&r=g\",\"contentUrl\":\"https:\\\/\\\/secure.gravatar.com\\\/avatar\\\/952f194b260d223ad202e438736c9fe26b2ffa5bd65b213b03cc433613641a84?s=96&d=mm&r=g\",\"caption\":\"datae\"},\"url\":\"https:\\\/\\\/vivifrancia.com.ar\\\/2026\\\/author\\\/datae\\\/\"}]}<\/script>\n<!-- \/ Yoast SEO plugin. -->","yoast_head_json":{"title":"ONG Trashumantes \u2013 Christophe Pognat - Viv\u00ed Francia 2026","robots":{"index":"index","follow":"follow","max-snippet":"max-snippet:-1","max-image-preview":"max-image-preview:large","max-video-preview":"max-video-preview:-1"},"canonical":"https:\/\/vivifrancia.com.ar\/2026\/ong-trashumantes-christophe-pognat\/","og_locale":"es_ES","og_type":"article","og_title":"ONG Trashumantes \u2013 Christophe Pognat - Viv\u00ed Francia 2026","og_description":"5\/9 - Ciudad de Mendoza","og_url":"https:\/\/vivifrancia.com.ar\/2026\/ong-trashumantes-christophe-pognat\/","og_site_name":"Viv\u00ed Francia 2026","article_publisher":"https:\/\/www.facebook.com\/vivifranciaba","article_published_time":"2026-09-02T18:48:34+00:00","article_modified_time":"2026-09-03T17:44:43+00:00","og_image":[{"width":495,"height":400,"url":"https:\/\/vivifrancia.com.ar\/2026\/wp-content\/uploads\/sites\/48\/nave-1.jpg","type":"image\/jpeg"}],"author":"datae","twitter_card":"summary_large_image","twitter_misc":{"Escrito por":"datae","Tiempo de lectura":"1 minuto"},"schema":{"@context":"https:\/\/schema.org","@graph":[{"@type":"Article","@id":"https:\/\/vivifrancia.com.ar\/2026\/ong-trashumantes-christophe-pognat\/#article","isPartOf":{"@id":"https:\/\/vivifrancia.com.ar\/2026\/ong-trashumantes-christophe-pognat\/"},"author":{"name":"datae","@id":"https:\/\/vivifrancia.com.ar\/2026\/#\/schema\/person\/164fe613e289dfc3e7d837aca931c42c"},"headline":"ONG Trashumantes \u2013 Christophe Pognat","datePublished":"2026-09-02T18:48:34+00:00","dateModified":"2026-09-03T17:44:43+00:00","mainEntityOfPage":{"@id":"https:\/\/vivifrancia.com.ar\/2026\/ong-trashumantes-christophe-pognat\/"},"wordCount":688,"image":{"@id":"https:\/\/vivifrancia.com.ar\/2026\/ong-trashumantes-christophe-pognat\/#primaryimage"},"thumbnailUrl":"https:\/\/vivifrancia.com.ar\/2026\/wp-content\/uploads\/sites\/48\/nave-1.jpg","articleSection":["Mercadito Franc\u00e9s","S\u00e1bado 05\/09","Regi\u00f3n Cuyo","Conferencias y talleres"],"inLanguage":"es"},{"@type":"WebPage","@id":"https:\/\/vivifrancia.com.ar\/2026\/ong-trashumantes-christophe-pognat\/","url":"https:\/\/vivifrancia.com.ar\/2026\/ong-trashumantes-christophe-pognat\/","name":"ONG Trashumantes \u2013 Christophe Pognat - Viv\u00ed Francia 2026","isPartOf":{"@id":"https:\/\/vivifrancia.com.ar\/2026\/#website"},"primaryImageOfPage":{"@id":"https:\/\/vivifrancia.com.ar\/2026\/ong-trashumantes-christophe-pognat\/#primaryimage"},"image":{"@id":"https:\/\/vivifrancia.com.ar\/2026\/ong-trashumantes-christophe-pognat\/#primaryimage"},"thumbnailUrl":"https:\/\/vivifrancia.com.ar\/2026\/wp-content\/uploads\/sites\/48\/nave-1.jpg","datePublished":"2026-09-02T18:48:34+00:00","dateModified":"2026-09-03T17:44:43+00:00","author":{"@id":"https:\/\/vivifrancia.com.ar\/2026\/#\/schema\/person\/164fe613e289dfc3e7d837aca931c42c"},"breadcrumb":{"@id":"https:\/\/vivifrancia.com.ar\/2026\/ong-trashumantes-christophe-pognat\/#breadcrumb"},"inLanguage":"es","potentialAction":[{"@type":"ReadAction","target":["https:\/\/vivifrancia.com.ar\/2026\/ong-trashumantes-christophe-pognat\/"]}]},{"@type":"ImageObject","inLanguage":"es","@id":"https:\/\/vivifrancia.com.ar\/2026\/ong-trashumantes-christophe-pognat\/#primaryimage","url":"https:\/\/vivifrancia.com.ar\/2026\/wp-content\/uploads\/sites\/48\/nave-1.jpg","contentUrl":"https:\/\/vivifrancia.com.ar\/2026\/wp-content\/uploads\/sites\/48\/nave-1.jpg","width":495,"height":400},{"@type":"BreadcrumbList","@id":"https:\/\/vivifrancia.com.ar\/2026\/ong-trashumantes-christophe-pognat\/#breadcrumb","itemListElement":[{"@type":"ListItem","position":1,"name":"Portada","item":"https:\/\/vivifrancia.com.ar\/2026\/"},{"@type":"ListItem","position":2,"name":"ONG Trashumantes \u2013 Christophe Pognat"}]},{"@type":"WebSite","@id":"https:\/\/vivifrancia.com.ar\/2026\/#website","url":"https:\/\/vivifrancia.com.ar\/2026\/","name":"Viv\u00ed Francia 2026","description":"Las semanas francesas en Argentina","potentialAction":[{"@type":"SearchAction","target":{"@type":"EntryPoint","urlTemplate":"https:\/\/vivifrancia.com.ar\/2026\/?s={search_term_string}"},"query-input":{"@type":"PropertyValueSpecification","valueRequired":true,"valueName":"search_term_string"}}],"inLanguage":"es"},{"@type":"Person","@id":"https:\/\/vivifrancia.com.ar\/2026\/#\/schema\/person\/164fe613e289dfc3e7d837aca931c42c","name":"datae","image":{"@type":"ImageObject","inLanguage":"es","@id":"https:\/\/secure.gravatar.com\/avatar\/952f194b260d223ad202e438736c9fe26b2ffa5bd65b213b03cc433613641a84?s=96&d=mm&r=g","url":"https:\/\/secure.gravatar.com\/avatar\/952f194b260d223ad202e438736c9fe26b2ffa5bd65b213b03cc433613641a84?s=96&d=mm&r=g","contentUrl":"https:\/\/secure.gravatar.com\/avatar\/952f194b260d223ad202e438736c9fe26b2ffa5bd65b213b03cc433613641a84?s=96&d=mm&r=g","caption":"datae"},"url":"https:\/\/vivifrancia.com.ar\/2026\/author\/datae\/"}]}},"_links":{"self":[{"href":"https:\/\/vivifrancia.com.ar\/2026\/wp-json\/wp\/v2\/posts\/17949","targetHints":{"allow":["GET"]}}],"collection":[{"href":"https:\/\/vivifrancia.com.ar\/2026\/wp-json\/wp\/v2\/posts"}],"about":[{"href":"https:\/\/vivifrancia.com.ar\/2026\/wp-json\/wp\/v2\/types\/post"}],"author":[{"embeddable":true,"href":"https:\/\/vivifrancia.com.ar\/2026\/wp-json\/wp\/v2\/users\/7"}],"replies":[{"embeddable":true,"href":"https:\/\/vivifrancia.com.ar\/2026\/wp-json\/wp\/v2\/comments?post=17949"}],"version-history":[{"count":3,"href":"https:\/\/vivifrancia.com.ar\/2026\/wp-json\/wp\/v2\/posts\/17949\/revisions"}],"predecessor-version":[{"id":18082,"href":"https:\/\/vivifrancia.com.ar\/2026\/wp-json\/wp\/v2\/posts\/17949\/revisions\/18082"}],"wp:featuredmedia":[{"embeddable":true,"href":"https:\/\/vivifrancia.com.ar\/2026\/wp-json\/wp\/v2\/media\/18013"}],"wp:attachment":[{"href":"https:\/\/vivifrancia.com.ar\/2026\/wp-json\/wp\/v2\/media?parent=17949"}],"wp:term":[{"taxonomy":"category","embeddable":true,"href":"https:\/\/vivifrancia.com.ar\/2026\/wp-json\/wp\/v2\/categories?post=17949"},{"taxonomy":"post_tag","embeddable":true,"href":"https:\/\/vivifrancia.com.ar\/2026\/wp-json\/wp\/v2\/tags?post=17949"}],"curies":[{"name":"wp","href":"https:\/\/api.w.org\/{rel}","templated":true}]}}