{"id":17937,"date":"2026-09-02T18:18:01","date_gmt":"2026-09-02T18:18:01","guid":{"rendered":"https:\/\/vivifrancia.com.ar\/2026\/?p=17937"},"modified":"2026-09-03T17:52:17","modified_gmt":"2026-09-03T17:52:17","slug":"noeroldan-atelier","status":"publish","type":"post","link":"https:\/\/vivifrancia.com.ar\/2026\/noeroldan-atelier\/","title":{"rendered":"Noeroldan Atelier"},"content":{"rendered":"\n<style type=\"text\/css\" data-created_by=\"avia_inline_auto\" id=\"style-css-av-mtkerfub-e89d2294e847b109ceef07bc0bb8ec77\">\n.iconbox.av-mtkerfub-e89d2294e847b109ceef07bc0bb8ec77 .iconbox_content_container{\ncolor:#4c4c4c;\n}\n<\/style>\n<article  class='iconbox iconbox_left av-mtkerfub-e89d2294e847b109ceef07bc0bb8ec77  avia-builder-el-0  el_before_av_one_half  avia-builder-el-first '  itemscope=\"itemscope\" itemtype=\"https:\/\/schema.org\/BlogPosting\" itemprop=\"blogPost\" ><div class=\"iconbox_content\"><header class=\"entry-content-header\" aria-label=\"Icon: Noeroldan Atelier\"><div class='iconbox_icon heading-color avia-iconfont avia-font-entypo-fontello' data-av_icon='\ue85b' data-av_iconfont='entypo-fontello'  ><\/div><h3 class='iconbox_content_title '  itemprop=\"headline\" >Noeroldan Atelier<\/h3><\/header><div class='iconbox_content_container av_inherit_color'  itemprop=\"text\" ><p><span style=\"font-weight: 400\">5 al 13\/9<\/span> &#8211; de 11 a 19 hs<\/p>\n<\/div><\/div><footer class=\"entry-footer\"><\/footer><\/article>\n<div  class='flex_column av-2zyqd75-4e1b39adfe8fcd748ffd4d6180d1a4fc av_one_half  avia-builder-el-1  el_after_av_icon_box  el_before_av_one_half  first flex_column_div  '     ><style type=\"text\/css\" data-created_by=\"avia_inline_auto\" id=\"style-css-av-mtkf3eeo-ee7ef4058fa3434b0c72b9950fb5c2ce\">\n.avia-image-container.av-mtkf3eeo-ee7ef4058fa3434b0c72b9950fb5c2ce img.avia_image{\nbox-shadow:none;\n}\n.avia-image-container.av-mtkf3eeo-ee7ef4058fa3434b0c72b9950fb5c2ce .av-image-caption-overlay-center{\ncolor:#ffffff;\n}\n<\/style>\n<div  class='avia-image-container av-mtkf3eeo-ee7ef4058fa3434b0c72b9950fb5c2ce av-styling- avia_animated_image av-animated-when-visible-95 left-to-right avia-align-left  avia-builder-el-2  avia-builder-el-no-sibling '   itemprop=\"image\" itemscope=\"itemscope\" itemtype=\"https:\/\/schema.org\/ImageObject\" ><div class=\"avia-image-container-inner\"><div class=\"avia-image-overlay-wrap\"><img decoding=\"async\" fetchpriority=\"high\" class='wp-image-17938 avia-img-lazy-loading-not-17938 avia_image ' src=\"https:\/\/vivifrancia.com.ar\/2026\/wp-content\/uploads\/sites\/48\/NORD02.jpg\" alt='' title='NORD02'  height=\"533\" width=\"800\"  itemprop=\"thumbnailUrl\" srcset=\"https:\/\/vivifrancia.com.ar\/2026\/wp-content\/uploads\/sites\/48\/NORD02.jpg 800w, https:\/\/vivifrancia.com.ar\/2026\/wp-content\/uploads\/sites\/48\/NORD02-300x200.jpg 300w, https:\/\/vivifrancia.com.ar\/2026\/wp-content\/uploads\/sites\/48\/NORD02-768x512.jpg 768w, https:\/\/vivifrancia.com.ar\/2026\/wp-content\/uploads\/sites\/48\/NORD02-705x470.jpg 705w\" sizes=\"(max-width: 800px) 100vw, 800px\" \/><\/div><\/div><\/div><\/div>\n<div  class='flex_column av-2jlwnwx-31ccd236d07617267a9b9afc4b61b64b av_one_half  avia-builder-el-3  el_after_av_one_half  el_before_av_hr  flex_column_div  '     ><style type=\"text\/css\" data-created_by=\"avia_inline_auto\" id=\"style-css-av-mtkf3p7u-49195b8cbc840d7ecb43564c1611c3a6\">\n.avia-image-container.av-mtkf3p7u-49195b8cbc840d7ecb43564c1611c3a6 img.avia_image{\nbox-shadow:none;\n}\n.avia-image-container.av-mtkf3p7u-49195b8cbc840d7ecb43564c1611c3a6 .av-image-caption-overlay-center{\ncolor:#ffffff;\n}\n<\/style>\n<div  class='avia-image-container av-mtkf3p7u-49195b8cbc840d7ecb43564c1611c3a6 av-styling- avia-align-center  avia-builder-el-4  avia-builder-el-no-sibling '   itemprop=\"image\" itemscope=\"itemscope\" itemtype=\"https:\/\/schema.org\/ImageObject\" ><div class=\"avia-image-container-inner\"><div class=\"avia-image-overlay-wrap\"><img decoding=\"async\" fetchpriority=\"high\" class='wp-image-17939 avia-img-lazy-loading-not-17939 avia_image ' src=\"https:\/\/vivifrancia.com.ar\/2026\/wp-content\/uploads\/sites\/48\/NORD.jpg\" alt='' title='NORD'  height=\"534\" width=\"800\"  itemprop=\"thumbnailUrl\" srcset=\"https:\/\/vivifrancia.com.ar\/2026\/wp-content\/uploads\/sites\/48\/NORD.jpg 800w, https:\/\/vivifrancia.com.ar\/2026\/wp-content\/uploads\/sites\/48\/NORD-300x200.jpg 300w, https:\/\/vivifrancia.com.ar\/2026\/wp-content\/uploads\/sites\/48\/NORD-768x513.jpg 768w, https:\/\/vivifrancia.com.ar\/2026\/wp-content\/uploads\/sites\/48\/NORD-705x471.jpg 705w\" sizes=\"(max-width: 800px) 100vw, 800px\" \/><\/div><\/div><\/div><\/div>\n\n<style type=\"text\/css\" data-created_by=\"avia_inline_auto\" id=\"style-css-av-26a9uz5-f287fe560f5f093082b5b3cd383c496f\">\n#top .hr.hr-invisible.av-26a9uz5-f287fe560f5f093082b5b3cd383c496f{\nheight:10px;\n}\n<\/style>\n<div  class='hr av-26a9uz5-f287fe560f5f093082b5b3cd383c496f hr-invisible  avia-builder-el-5  el_after_av_one_half  el_before_av_two_third '><span class='hr-inner '><span class=\"hr-inner-style\"><\/span><\/span><\/div>\n\n<style type=\"text\/css\" data-created_by=\"avia_inline_auto\" id=\"style-css-av-1hvk78x-9cc70b23fe4ebb6a89264fa091ece936\">\n.flex_column.av-1hvk78x-9cc70b23fe4ebb6a89264fa091ece936{\nborder-radius:0px 0px 0px 0px;\npadding:0px 0px 0px 0px;\n}\n<\/style>\n<div  class='flex_column av-1hvk78x-9cc70b23fe4ebb6a89264fa091ece936 av_two_third  avia-builder-el-6  el_after_av_hr  el_before_av_one_third  first flex_column_div av-zero-column-padding  '     ><p>\n<style type=\"text\/css\" data-created_by=\"avia_inline_auto\" id=\"style-css-av-mtkewgib-17c4e86027212474f0029cb147aca6b7\">\n#top .av_textblock_section.av-mtkewgib-17c4e86027212474f0029cb147aca6b7 .avia_textblock{\nfont-size:15px;\n}\n<\/style>\n<section  class='av_textblock_section av-mtkewgib-17c4e86027212474f0029cb147aca6b7 '   itemscope=\"itemscope\" itemtype=\"https:\/\/schema.org\/BlogPosting\" itemprop=\"blogPost\" ><div class='avia_textblock'  itemprop=\"text\" ><p><span style=\"font-weight: 400\">Av. San Mart\u00edn 585, Ciudad de Mendoza<\/span><\/p>\n<p><b>Tel.<\/b><span style=\"font-weight: 400\"> 261-6927118<\/span><\/p>\n<p><b>Con inscripci\u00f3n previa<\/b><span style=\"font-weight: 400\"> \u2013 Reservas con al menos 24 horas de anticipaci\u00f3n y sujetas a disponibilidad.<\/span><\/p>\n<p><span style=\"font-weight: 400\">Sombrerer\u00eda artesanal de lujo especializada en piezas para hoteles, bodegas, marcas, turismo de alta gama y experiencias curadas.<\/span><\/p>\n<ul>\n<li><b>VISIT\u00c1 EL ATELIER<\/b><span style=\"font-weight: 400\"><br \/>\n<\/span><span style=\"font-weight: 400\">Una experiencia para conocer el oficio de la sombrerer\u00eda, descubrir el proceso artesanal y c\u00f3mo se crea cada pieza.<\/span><\/li>\n<\/ul>\n<p><b>Duraci\u00f3n:<\/b><span style=\"font-weight: 400\"> 20 minutos<\/span><span style=\"font-weight: 400\"><br \/>\n<\/span><b>Valor:<\/b><span style=\"font-weight: 400\"> ARS 12.000 | USD 8<\/span><\/p>\n<ul>\n<li><b>CRE\u00c1 TU PROPIO SOMBRERO<\/b><span style=\"font-weight: 400\"><br \/>\n<\/span><span style=\"font-weight: 400\">Una sesi\u00f3n de sombrerer\u00eda para conocer el oficio y participar del proceso de creaci\u00f3n: moldear, cortar y personalizar una pieza propia.<\/span><\/li>\n<\/ul>\n<p><b>Duraci\u00f3n:<\/b><span style=\"font-weight: 400\"> hasta 45 minutos<\/span><span style=\"font-weight: 400\"><br \/>\n<\/span><b>Valor:<\/b><span style=\"font-weight: 400\"> ARS 260.000 | USD 180<\/span><\/p>\n<p><span style=\"font-weight: 400\">Incluye un <\/span><b>sombrero de fieltro de lana de oveja de calidad premium<\/b><span style=\"font-weight: 400\">, realizado a medida, que cada participante se lleva al finalizar la sesi\u00f3n.<\/span><\/p>\n<\/div><\/section><br \/>\n\n<style type=\"text\/css\" data-created_by=\"avia_inline_auto\" id=\"style-css-av-12wbwnl-b08905879e6d146d3324041664cdb116\">\n#top .hr.hr-invisible.av-12wbwnl-b08905879e6d146d3324041664cdb116{\nheight:10px;\n}\n<\/style>\n<div  class='hr av-12wbwnl-b08905879e6d146d3324041664cdb116 hr-invisible  avia-builder-el-8  el_after_av_textblock  el_before_av_image '><span class='hr-inner '><span class=\"hr-inner-style\"><\/span><\/span><\/div><br \/>\n\n<style type=\"text\/css\" data-created_by=\"avia_inline_auto\" id=\"style-css-av-mtkf4d6b-12299015ebc436b6144553b929e020e5\">\n.avia-image-container.av-mtkf4d6b-12299015ebc436b6144553b929e020e5 img.avia_image{\nbox-shadow:none;\n}\n.avia-image-container.av-mtkf4d6b-12299015ebc436b6144553b929e020e5 .av-image-caption-overlay-center{\ncolor:#ffffff;\n}\n<\/style>\n<div  class='avia-image-container av-mtkf4d6b-12299015ebc436b6144553b929e020e5 av-styling- avia-align-left  avia-builder-el-9  el_after_av_hr  avia-builder-el-last '   itemprop=\"image\" itemscope=\"itemscope\" itemtype=\"https:\/\/schema.org\/ImageObject\" ><div class=\"avia-image-container-inner\"><div class=\"avia-image-overlay-wrap\"><img decoding=\"async\" fetchpriority=\"high\" class='wp-image-17940 avia-img-lazy-loading-not-17940 avia_image ' src=\"https:\/\/vivifrancia.com.ar\/2026\/wp-content\/uploads\/sites\/48\/NORD03-300x214.jpg\" alt='' title='NORD03'  height=\"214\" width=\"300\"  itemprop=\"thumbnailUrl\" srcset=\"https:\/\/vivifrancia.com.ar\/2026\/wp-content\/uploads\/sites\/48\/NORD03-300x214.jpg 300w, https:\/\/vivifrancia.com.ar\/2026\/wp-content\/uploads\/sites\/48\/NORD03-768x547.jpg 768w, https:\/\/vivifrancia.com.ar\/2026\/wp-content\/uploads\/sites\/48\/NORD03-260x185.jpg 260w, https:\/\/vivifrancia.com.ar\/2026\/wp-content\/uploads\/sites\/48\/NORD03-705x502.jpg 705w, https:\/\/vivifrancia.com.ar\/2026\/wp-content\/uploads\/sites\/48\/NORD03.jpg 800w\" sizes=\"(max-width: 300px) 100vw, 300px\" \/><\/div><\/div><\/div><\/p><\/div>\n\n<style type=\"text\/css\" data-created_by=\"avia_inline_auto\" id=\"style-css-av-spglox-c9d2db99157948663ffa8a3eb4fa2cc6\">\n.flex_column.av-spglox-c9d2db99157948663ffa8a3eb4fa2cc6{\nborder-radius:0px 0px 0px 0px;\npadding:0px 0px 0px 0px;\n}\n<\/style>\n<div  class='flex_column av-spglox-c9d2db99157948663ffa8a3eb4fa2cc6 av_one_third  avia-builder-el-10  el_after_av_two_third  avia-builder-el-last  flex_column_div av-zero-column-padding  '     ><\/div>\n","protected":false},"excerpt":{"rendered":"<p>5 al 13\/9 &#8211; Ciudad de Mendoza<\/p>\n","protected":false},"author":7,"featured_media":18026,"comment_status":"closed","ping_status":"closed","sticky":false,"template":"","format":"standard","meta":{"inline_featured_image":false,"footnotes":""},"categories":[243,244,245,246,247,248,249,38,125,241,242],"tags":[],"class_list":["post-17937","post","type-post","status-publish","format-standard","has-post-thumbnail","hentry","category-lunes-07-09","category-martes-08-09","category-miercoles-09-09","category-jueves-10-09","category-viernes-11-09","category-sabado-12-09","category-domingo-13-09","category-visitas-guiadas","category-region-cuyo","category-sabado-05-09","category-domingo-06-09"],"yoast_head":"<!-- This site is optimized with the Yoast SEO plugin v28.3 - https:\/\/yoast.com\/product\/yoast-seo-wordpress\/ -->\n<title>Noeroldan Atelier - Viv\u00ed Francia 2026<\/title>\n<meta name=\"robots\" content=\"index, follow, max-snippet:-1, max-image-preview:large, max-video-preview:-1\" \/>\n<link rel=\"canonical\" href=\"https:\/\/vivifrancia.com.ar\/2026\/noeroldan-atelier\/\" \/>\n<meta property=\"og:locale\" content=\"es_ES\" \/>\n<meta property=\"og:type\" content=\"article\" \/>\n<meta property=\"og:title\" content=\"Noeroldan Atelier - Viv\u00ed Francia 2026\" \/>\n<meta property=\"og:description\" content=\"5 al 13\/9 - Ciudad de Mendoza\" \/>\n<meta property=\"og:url\" content=\"https:\/\/vivifrancia.com.ar\/2026\/noeroldan-atelier\/\" \/>\n<meta property=\"og:site_name\" content=\"Viv\u00ed Francia 2026\" \/>\n<meta property=\"article:publisher\" content=\"https:\/\/www.facebook.com\/vivifranciaba\" \/>\n<meta property=\"article:published_time\" content=\"2026-09-02T18:18:01+00:00\" \/>\n<meta property=\"article:modified_time\" content=\"2026-09-03T17:52:17+00:00\" \/>\n<meta property=\"og:image\" content=\"https:\/\/vivifrancia.com.ar\/2026\/wp-content\/uploads\/sites\/48\/noeroldan-1.jpg\" \/>\n\t<meta property=\"og:image:width\" content=\"495\" \/>\n\t<meta property=\"og:image:height\" content=\"400\" \/>\n\t<meta property=\"og:image:type\" content=\"image\/jpeg\" \/>\n<meta name=\"author\" content=\"datae\" \/>\n<meta name=\"twitter:card\" content=\"summary_large_image\" \/>\n<meta name=\"twitter:label1\" content=\"Escrito por\" \/>\n\t<meta name=\"twitter:data1\" content=\"datae\" \/>\n\t<meta name=\"twitter:label2\" content=\"Tiempo de lectura\" \/>\n\t<meta name=\"twitter:data2\" content=\"2 minutos\" \/>\n<script type=\"application\/ld+json\" class=\"yoast-schema-graph\">{\"@context\":\"https:\\\/\\\/schema.org\",\"@graph\":[{\"@type\":\"Article\",\"@id\":\"https:\\\/\\\/vivifrancia.com.ar\\\/2026\\\/noeroldan-atelier\\\/#article\",\"isPartOf\":{\"@id\":\"https:\\\/\\\/vivifrancia.com.ar\\\/2026\\\/noeroldan-atelier\\\/\"},\"author\":{\"name\":\"datae\",\"@id\":\"https:\\\/\\\/vivifrancia.com.ar\\\/2026\\\/#\\\/schema\\\/person\\\/164fe613e289dfc3e7d837aca931c42c\"},\"headline\":\"Noeroldan Atelier\",\"datePublished\":\"2026-09-02T18:18:01+00:00\",\"dateModified\":\"2026-09-03T17:52:17+00:00\",\"mainEntityOfPage\":{\"@id\":\"https:\\\/\\\/vivifrancia.com.ar\\\/2026\\\/noeroldan-atelier\\\/\"},\"wordCount\":1943,\"image\":{\"@id\":\"https:\\\/\\\/vivifrancia.com.ar\\\/2026\\\/noeroldan-atelier\\\/#primaryimage\"},\"thumbnailUrl\":\"https:\\\/\\\/vivifrancia.com.ar\\\/2026\\\/wp-content\\\/uploads\\\/sites\\\/48\\\/noeroldan-1.jpg\",\"articleSection\":[\"Lunes 07\\\/09\",\"Martes 08\\\/09\",\"Mi\u00e9rcoles 09\\\/09\",\"Jueves 10\\\/09\",\"Viernes 11\\\/09\",\"S\u00e1bado 12\\\/09\",\"Domingo 13\\\/09\",\"Visitas Guiadas\",\"Regi\u00f3n Cuyo\",\"S\u00e1bado 05\\\/09\",\"Domingo 06\\\/09\"],\"inLanguage\":\"es\"},{\"@type\":\"WebPage\",\"@id\":\"https:\\\/\\\/vivifrancia.com.ar\\\/2026\\\/noeroldan-atelier\\\/\",\"url\":\"https:\\\/\\\/vivifrancia.com.ar\\\/2026\\\/noeroldan-atelier\\\/\",\"name\":\"Noeroldan Atelier - Viv\u00ed Francia 2026\",\"isPartOf\":{\"@id\":\"https:\\\/\\\/vivifrancia.com.ar\\\/2026\\\/#website\"},\"primaryImageOfPage\":{\"@id\":\"https:\\\/\\\/vivifrancia.com.ar\\\/2026\\\/noeroldan-atelier\\\/#primaryimage\"},\"image\":{\"@id\":\"https:\\\/\\\/vivifrancia.com.ar\\\/2026\\\/noeroldan-atelier\\\/#primaryimage\"},\"thumbnailUrl\":\"https:\\\/\\\/vivifrancia.com.ar\\\/2026\\\/wp-content\\\/uploads\\\/sites\\\/48\\\/noeroldan-1.jpg\",\"datePublished\":\"2026-09-02T18:18:01+00:00\",\"dateModified\":\"2026-09-03T17:52:17+00:00\",\"author\":{\"@id\":\"https:\\\/\\\/vivifrancia.com.ar\\\/2026\\\/#\\\/schema\\\/person\\\/164fe613e289dfc3e7d837aca931c42c\"},\"breadcrumb\":{\"@id\":\"https:\\\/\\\/vivifrancia.com.ar\\\/2026\\\/noeroldan-atelier\\\/#breadcrumb\"},\"inLanguage\":\"es\",\"potentialAction\":[{\"@type\":\"ReadAction\",\"target\":[\"https:\\\/\\\/vivifrancia.com.ar\\\/2026\\\/noeroldan-atelier\\\/\"]}]},{\"@type\":\"ImageObject\",\"inLanguage\":\"es\",\"@id\":\"https:\\\/\\\/vivifrancia.com.ar\\\/2026\\\/noeroldan-atelier\\\/#primaryimage\",\"url\":\"https:\\\/\\\/vivifrancia.com.ar\\\/2026\\\/wp-content\\\/uploads\\\/sites\\\/48\\\/noeroldan-1.jpg\",\"contentUrl\":\"https:\\\/\\\/vivifrancia.com.ar\\\/2026\\\/wp-content\\\/uploads\\\/sites\\\/48\\\/noeroldan-1.jpg\",\"width\":495,\"height\":400},{\"@type\":\"BreadcrumbList\",\"@id\":\"https:\\\/\\\/vivifrancia.com.ar\\\/2026\\\/noeroldan-atelier\\\/#breadcrumb\",\"itemListElement\":[{\"@type\":\"ListItem\",\"position\":1,\"name\":\"Portada\",\"item\":\"https:\\\/\\\/vivifrancia.com.ar\\\/2026\\\/\"},{\"@type\":\"ListItem\",\"position\":2,\"name\":\"Noeroldan Atelier\"}]},{\"@type\":\"WebSite\",\"@id\":\"https:\\\/\\\/vivifrancia.com.ar\\\/2026\\\/#website\",\"url\":\"https:\\\/\\\/vivifrancia.com.ar\\\/2026\\\/\",\"name\":\"Viv\u00ed Francia 2026\",\"description\":\"Las semanas francesas en Argentina\",\"potentialAction\":[{\"@type\":\"SearchAction\",\"target\":{\"@type\":\"EntryPoint\",\"urlTemplate\":\"https:\\\/\\\/vivifrancia.com.ar\\\/2026\\\/?s={search_term_string}\"},\"query-input\":{\"@type\":\"PropertyValueSpecification\",\"valueRequired\":true,\"valueName\":\"search_term_string\"}}],\"inLanguage\":\"es\"},{\"@type\":\"Person\",\"@id\":\"https:\\\/\\\/vivifrancia.com.ar\\\/2026\\\/#\\\/schema\\\/person\\\/164fe613e289dfc3e7d837aca931c42c\",\"name\":\"datae\",\"image\":{\"@type\":\"ImageObject\",\"inLanguage\":\"es\",\"@id\":\"https:\\\/\\\/secure.gravatar.com\\\/avatar\\\/952f194b260d223ad202e438736c9fe26b2ffa5bd65b213b03cc433613641a84?s=96&d=mm&r=g\",\"url\":\"https:\\\/\\\/secure.gravatar.com\\\/avatar\\\/952f194b260d223ad202e438736c9fe26b2ffa5bd65b213b03cc433613641a84?s=96&d=mm&r=g\",\"contentUrl\":\"https:\\\/\\\/secure.gravatar.com\\\/avatar\\\/952f194b260d223ad202e438736c9fe26b2ffa5bd65b213b03cc433613641a84?s=96&d=mm&r=g\",\"caption\":\"datae\"},\"url\":\"https:\\\/\\\/vivifrancia.com.ar\\\/2026\\\/author\\\/datae\\\/\"}]}<\/script>\n<!-- \/ Yoast SEO plugin. -->","yoast_head_json":{"title":"Noeroldan Atelier - Viv\u00ed Francia 2026","robots":{"index":"index","follow":"follow","max-snippet":"max-snippet:-1","max-image-preview":"max-image-preview:large","max-video-preview":"max-video-preview:-1"},"canonical":"https:\/\/vivifrancia.com.ar\/2026\/noeroldan-atelier\/","og_locale":"es_ES","og_type":"article","og_title":"Noeroldan Atelier - Viv\u00ed Francia 2026","og_description":"5 al 13\/9 - Ciudad de Mendoza","og_url":"https:\/\/vivifrancia.com.ar\/2026\/noeroldan-atelier\/","og_site_name":"Viv\u00ed Francia 2026","article_publisher":"https:\/\/www.facebook.com\/vivifranciaba","article_published_time":"2026-09-02T18:18:01+00:00","article_modified_time":"2026-09-03T17:52:17+00:00","og_image":[{"width":495,"height":400,"url":"https:\/\/vivifrancia.com.ar\/2026\/wp-content\/uploads\/sites\/48\/noeroldan-1.jpg","type":"image\/jpeg"}],"author":"datae","twitter_card":"summary_large_image","twitter_misc":{"Escrito por":"datae","Tiempo de lectura":"2 minutos"},"schema":{"@context":"https:\/\/schema.org","@graph":[{"@type":"Article","@id":"https:\/\/vivifrancia.com.ar\/2026\/noeroldan-atelier\/#article","isPartOf":{"@id":"https:\/\/vivifrancia.com.ar\/2026\/noeroldan-atelier\/"},"author":{"name":"datae","@id":"https:\/\/vivifrancia.com.ar\/2026\/#\/schema\/person\/164fe613e289dfc3e7d837aca931c42c"},"headline":"Noeroldan Atelier","datePublished":"2026-09-02T18:18:01+00:00","dateModified":"2026-09-03T17:52:17+00:00","mainEntityOfPage":{"@id":"https:\/\/vivifrancia.com.ar\/2026\/noeroldan-atelier\/"},"wordCount":1943,"image":{"@id":"https:\/\/vivifrancia.com.ar\/2026\/noeroldan-atelier\/#primaryimage"},"thumbnailUrl":"https:\/\/vivifrancia.com.ar\/2026\/wp-content\/uploads\/sites\/48\/noeroldan-1.jpg","articleSection":["Lunes 07\/09","Martes 08\/09","Mi\u00e9rcoles 09\/09","Jueves 10\/09","Viernes 11\/09","S\u00e1bado 12\/09","Domingo 13\/09","Visitas Guiadas","Regi\u00f3n Cuyo","S\u00e1bado 05\/09","Domingo 06\/09"],"inLanguage":"es"},{"@type":"WebPage","@id":"https:\/\/vivifrancia.com.ar\/2026\/noeroldan-atelier\/","url":"https:\/\/vivifrancia.com.ar\/2026\/noeroldan-atelier\/","name":"Noeroldan Atelier - Viv\u00ed Francia 2026","isPartOf":{"@id":"https:\/\/vivifrancia.com.ar\/2026\/#website"},"primaryImageOfPage":{"@id":"https:\/\/vivifrancia.com.ar\/2026\/noeroldan-atelier\/#primaryimage"},"image":{"@id":"https:\/\/vivifrancia.com.ar\/2026\/noeroldan-atelier\/#primaryimage"},"thumbnailUrl":"https:\/\/vivifrancia.com.ar\/2026\/wp-content\/uploads\/sites\/48\/noeroldan-1.jpg","datePublished":"2026-09-02T18:18:01+00:00","dateModified":"2026-09-03T17:52:17+00:00","author":{"@id":"https:\/\/vivifrancia.com.ar\/2026\/#\/schema\/person\/164fe613e289dfc3e7d837aca931c42c"},"breadcrumb":{"@id":"https:\/\/vivifrancia.com.ar\/2026\/noeroldan-atelier\/#breadcrumb"},"inLanguage":"es","potentialAction":[{"@type":"ReadAction","target":["https:\/\/vivifrancia.com.ar\/2026\/noeroldan-atelier\/"]}]},{"@type":"ImageObject","inLanguage":"es","@id":"https:\/\/vivifrancia.com.ar\/2026\/noeroldan-atelier\/#primaryimage","url":"https:\/\/vivifrancia.com.ar\/2026\/wp-content\/uploads\/sites\/48\/noeroldan-1.jpg","contentUrl":"https:\/\/vivifrancia.com.ar\/2026\/wp-content\/uploads\/sites\/48\/noeroldan-1.jpg","width":495,"height":400},{"@type":"BreadcrumbList","@id":"https:\/\/vivifrancia.com.ar\/2026\/noeroldan-atelier\/#breadcrumb","itemListElement":[{"@type":"ListItem","position":1,"name":"Portada","item":"https:\/\/vivifrancia.com.ar\/2026\/"},{"@type":"ListItem","position":2,"name":"Noeroldan Atelier"}]},{"@type":"WebSite","@id":"https:\/\/vivifrancia.com.ar\/2026\/#website","url":"https:\/\/vivifrancia.com.ar\/2026\/","name":"Viv\u00ed Francia 2026","description":"Las semanas francesas en Argentina","potentialAction":[{"@type":"SearchAction","target":{"@type":"EntryPoint","urlTemplate":"https:\/\/vivifrancia.com.ar\/2026\/?s={search_term_string}"},"query-input":{"@type":"PropertyValueSpecification","valueRequired":true,"valueName":"search_term_string"}}],"inLanguage":"es"},{"@type":"Person","@id":"https:\/\/vivifrancia.com.ar\/2026\/#\/schema\/person\/164fe613e289dfc3e7d837aca931c42c","name":"datae","image":{"@type":"ImageObject","inLanguage":"es","@id":"https:\/\/secure.gravatar.com\/avatar\/952f194b260d223ad202e438736c9fe26b2ffa5bd65b213b03cc433613641a84?s=96&d=mm&r=g","url":"https:\/\/secure.gravatar.com\/avatar\/952f194b260d223ad202e438736c9fe26b2ffa5bd65b213b03cc433613641a84?s=96&d=mm&r=g","contentUrl":"https:\/\/secure.gravatar.com\/avatar\/952f194b260d223ad202e438736c9fe26b2ffa5bd65b213b03cc433613641a84?s=96&d=mm&r=g","caption":"datae"},"url":"https:\/\/vivifrancia.com.ar\/2026\/author\/datae\/"}]}},"_links":{"self":[{"href":"https:\/\/vivifrancia.com.ar\/2026\/wp-json\/wp\/v2\/posts\/17937","targetHints":{"allow":["GET"]}}],"collection":[{"href":"https:\/\/vivifrancia.com.ar\/2026\/wp-json\/wp\/v2\/posts"}],"about":[{"href":"https:\/\/vivifrancia.com.ar\/2026\/wp-json\/wp\/v2\/types\/post"}],"author":[{"embeddable":true,"href":"https:\/\/vivifrancia.com.ar\/2026\/wp-json\/wp\/v2\/users\/7"}],"replies":[{"embeddable":true,"href":"https:\/\/vivifrancia.com.ar\/2026\/wp-json\/wp\/v2\/comments?post=17937"}],"version-history":[{"count":3,"href":"https:\/\/vivifrancia.com.ar\/2026\/wp-json\/wp\/v2\/posts\/17937\/revisions"}],"predecessor-version":[{"id":18092,"href":"https:\/\/vivifrancia.com.ar\/2026\/wp-json\/wp\/v2\/posts\/17937\/revisions\/18092"}],"wp:featuredmedia":[{"embeddable":true,"href":"https:\/\/vivifrancia.com.ar\/2026\/wp-json\/wp\/v2\/media\/18026"}],"wp:attachment":[{"href":"https:\/\/vivifrancia.com.ar\/2026\/wp-json\/wp\/v2\/media?parent=17937"}],"wp:term":[{"taxonomy":"category","embeddable":true,"href":"https:\/\/vivifrancia.com.ar\/2026\/wp-json\/wp\/v2\/categories?post=17937"},{"taxonomy":"post_tag","embeddable":true,"href":"https:\/\/vivifrancia.com.ar\/2026\/wp-json\/wp\/v2\/tags?post=17937"}],"curies":[{"name":"wp","href":"https:\/\/api.w.org\/{rel}","templated":true}]}}