{"id":17908,"date":"2026-09-02T18:04:12","date_gmt":"2026-09-02T18:04:12","guid":{"rendered":"https:\/\/vivifrancia.com.ar\/2026\/?p=17908"},"modified":"2026-09-03T17:52:38","modified_gmt":"2026-09-03T17:52:38","slug":"corazon-duo","status":"publish","type":"post","link":"https:\/\/vivifrancia.com.ar\/2026\/corazon-duo\/","title":{"rendered":"Coraz\u00f3n D\u00fao"},"content":{"rendered":"\n<style type=\"text\/css\" data-created_by=\"avia_inline_auto\" id=\"style-css-av-mtkdw4hk-a231200aa2457fe585164940e65dfd23\">\n.iconbox.av-mtkdw4hk-a231200aa2457fe585164940e65dfd23 .iconbox_content_container{\ncolor:#4c4c4c;\n}\n<\/style>\n<article  class='iconbox iconbox_left av-mtkdw4hk-a231200aa2457fe585164940e65dfd23  avia-builder-el-0  el_before_av_image  avia-builder-el-first '  itemscope=\"itemscope\" itemtype=\"https:\/\/schema.org\/BlogPosting\" itemprop=\"blogPost\" ><div class=\"iconbox_content\"><header class=\"entry-content-header\" aria-label=\"Icon: Coraz\u00f3n D\u00fao\"><div class='iconbox_icon heading-color avia-iconfont avia-font-entypo-fontello' data-av_icon='\ue85b' data-av_iconfont='entypo-fontello'  ><\/div><h3 class='iconbox_content_title '  itemprop=\"headline\" >Coraz\u00f3n D\u00fao<\/h3><\/header><div class='iconbox_content_container av_inherit_color'  itemprop=\"text\" ><p>05\/09 &#8211; de 12 a 20 hs<\/p>\n<\/div><\/div><footer class=\"entry-footer\"><\/footer><\/article>\n\n<style type=\"text\/css\" data-created_by=\"avia_inline_auto\" id=\"style-css-av-mtke194n-a20baa716b2c77ffaeaf0cb848a85014\">\n.avia-image-container.av-mtke194n-a20baa716b2c77ffaeaf0cb848a85014 img.avia_image{\nbox-shadow:none;\n}\n.avia-image-container.av-mtke194n-a20baa716b2c77ffaeaf0cb848a85014 .av-image-caption-overlay-center{\ncolor:#ffffff;\n}\n<\/style>\n<div  class='avia-image-container av-mtke194n-a20baa716b2c77ffaeaf0cb848a85014 av-styling- avia_animated_image av-animated-when-visible-95 left-to-right avia-align-left  avia-builder-el-1  el_after_av_icon_box  el_before_av_hr '   itemprop=\"image\" itemscope=\"itemscope\" itemtype=\"https:\/\/schema.org\/ImageObject\" ><div class=\"avia-image-container-inner\"><div class=\"avia-image-overlay-wrap\"><img decoding=\"async\" fetchpriority=\"high\" class='wp-image-17909 avia-img-lazy-loading-not-17909 avia_image ' src=\"https:\/\/vivifrancia.com.ar\/2026\/wp-content\/uploads\/sites\/48\/Corazon-02.jpg\" alt='' title='Coraz\u00f3n 02'  height=\"541\" width=\"394\"  itemprop=\"thumbnailUrl\" srcset=\"https:\/\/vivifrancia.com.ar\/2026\/wp-content\/uploads\/sites\/48\/Corazon-02.jpg 394w, https:\/\/vivifrancia.com.ar\/2026\/wp-content\/uploads\/sites\/48\/Corazon-02-218x300.jpg 218w\" sizes=\"(max-width: 394px) 100vw, 394px\" \/><\/div><\/div><\/div>\n\n<style type=\"text\/css\" data-created_by=\"avia_inline_auto\" id=\"style-css-av-1ymslck-7f11668b0c8093b8321524df790a851c\">\n#top .hr.hr-invisible.av-1ymslck-7f11668b0c8093b8321524df790a851c{\nheight:10px;\n}\n<\/style>\n<div  class='hr av-1ymslck-7f11668b0c8093b8321524df790a851c hr-invisible  avia-builder-el-2  el_after_av_image  el_before_av_two_third '><span class='hr-inner '><span class=\"hr-inner-style\"><\/span><\/span><\/div>\n\n<style type=\"text\/css\" data-created_by=\"avia_inline_auto\" id=\"style-css-av-1p99yic-8bc5d05fb6aa07f9d2d98a92571c6465\">\n.flex_column.av-1p99yic-8bc5d05fb6aa07f9d2d98a92571c6465{\nborder-radius:0px 0px 0px 0px;\npadding:0px 0px 0px 0px;\n}\n<\/style>\n<div  class='flex_column av-1p99yic-8bc5d05fb6aa07f9d2d98a92571c6465 av_two_third  avia-builder-el-3  el_after_av_hr  el_before_av_one_third  first flex_column_div av-zero-column-padding  '     ><p>\n<style type=\"text\/css\" data-created_by=\"avia_inline_auto\" id=\"style-css-av-mtkdwibt-754a0175d71a9622f2955c2c161fefd2\">\n#top .av_textblock_section.av-mtkdwibt-754a0175d71a9622f2955c2c161fefd2 .avia_textblock{\nfont-size:15px;\n}\n<\/style>\n<section  class='av_textblock_section av-mtkdwibt-754a0175d71a9622f2955c2c161fefd2 '   itemscope=\"itemscope\" itemtype=\"https:\/\/schema.org\/BlogPosting\" itemprop=\"blogPost\" ><div class='avia_textblock'  itemprop=\"text\" ><p><span style=\"font-weight: 400\">Nave Cultural, Las Cubas 201, Ciudad de Mendoza<\/span><\/p>\n<p><b>Tel.<\/b><span style=\"font-weight: 400\"> 261-3035108 \u2013 <\/span><a href=\"mailto:trilcealdanayails@gmail.com\"><b>trilcealdanayails@gmail.com<\/b><span style=\"font-weight: 400\"><br \/>\n<\/span><\/a><span style=\"font-weight: 400\">Instagram: @coraz\u00f3n_ensamble (Trilce Giles)<\/span><\/p>\n<p><b>Sin inscripci\u00f3n previa<\/b><\/p>\n<p><span style=\"font-weight: 400\">Espect\u00e1culo musical a cargo de <\/span><b>Coraz\u00f3n D\u00fao<\/b><span style=\"font-weight: 400\">, con la interpretaci\u00f3n de tres canciones y un bis. El repertorio incluir\u00e1 <\/span><b>\u201cB\u00e9same mucho\u201d, \u201cDe mi barrio\u201d y \u201cEscualo\u201d<\/b><span style=\"font-weight: 400\">.<\/span><\/p>\n<\/div><\/section><br \/>\n\n<style type=\"text\/css\" data-created_by=\"avia_inline_auto\" id=\"style-css-av-1a5irpw-dc2f261aea00614ec947f248a0cbea69\">\n#top .hr.hr-invisible.av-1a5irpw-dc2f261aea00614ec947f248a0cbea69{\nheight:10px;\n}\n<\/style>\n<div  class='hr av-1a5irpw-dc2f261aea00614ec947f248a0cbea69 hr-invisible  avia-builder-el-5  el_after_av_textblock  el_before_av_image '><span class='hr-inner '><span class=\"hr-inner-style\"><\/span><\/span><\/div><br \/>\n\n<style type=\"text\/css\" data-created_by=\"avia_inline_auto\" id=\"style-css-av-mtke2qvs-80c77520a0f34486a7c1ec686e0b17ff\">\n.avia-image-container.av-mtke2qvs-80c77520a0f34486a7c1ec686e0b17ff img.avia_image{\nbox-shadow:none;\n}\n.avia-image-container.av-mtke2qvs-80c77520a0f34486a7c1ec686e0b17ff .av-image-caption-overlay-center{\ncolor:#ffffff;\n}\n<\/style>\n<div  class='avia-image-container av-mtke2qvs-80c77520a0f34486a7c1ec686e0b17ff av-styling- avia-align-left  avia-builder-el-6  el_after_av_hr  avia-builder-el-last '   itemprop=\"image\" itemscope=\"itemscope\" itemtype=\"https:\/\/schema.org\/ImageObject\" ><div class=\"avia-image-container-inner\"><div class=\"avia-image-overlay-wrap\"><img decoding=\"async\" fetchpriority=\"high\" class='wp-image-17910 avia-img-lazy-loading-not-17910 avia_image ' src=\"https:\/\/vivifrancia.com.ar\/2026\/wp-content\/uploads\/sites\/48\/Corazon-01-221x300.jpg\" alt='' title='Coraz\u00f3n 01'  height=\"300\" width=\"221\"  itemprop=\"thumbnailUrl\" srcset=\"https:\/\/vivifrancia.com.ar\/2026\/wp-content\/uploads\/sites\/48\/Corazon-01-221x300.jpg 221w, https:\/\/vivifrancia.com.ar\/2026\/wp-content\/uploads\/sites\/48\/Corazon-01.jpg 357w\" sizes=\"(max-width: 221px) 100vw, 221px\" \/><\/div><\/div><\/div><\/p><\/div>\n\n<style type=\"text\/css\" data-created_by=\"avia_inline_auto\" id=\"style-css-av-2nt11w-f1969a5e31758693beb3ad25cb7f193e\">\n.flex_column.av-2nt11w-f1969a5e31758693beb3ad25cb7f193e{\nborder-radius:0px 0px 0px 0px;\npadding:0px 0px 0px 0px;\n}\n<\/style>\n<div  class='flex_column av-2nt11w-f1969a5e31758693beb3ad25cb7f193e av_one_third  avia-builder-el-7  el_after_av_two_third  avia-builder-el-last  flex_column_div av-zero-column-padding  '     ><\/div>\n","protected":false},"excerpt":{"rendered":"<p>5\/9 &#8211; Ciudad de Mendoza<\/p>\n","protected":false},"author":7,"featured_media":18016,"comment_status":"closed","ping_status":"closed","sticky":false,"template":"","format":"standard","meta":{"inline_featured_image":false,"footnotes":""},"categories":[65,125,234,241],"tags":[],"class_list":["post-17908","post","type-post","status-publish","format-standard","has-post-thumbnail","hentry","category-musica","category-region-cuyo","category-mercadito-frances","category-sabado-05-09"],"yoast_head":"<!-- This site is optimized with the Yoast SEO plugin v28.3 - https:\/\/yoast.com\/product\/yoast-seo-wordpress\/ -->\n<title>Coraz\u00f3n D\u00fao - Viv\u00ed Francia 2026<\/title>\n<meta name=\"robots\" content=\"index, follow, max-snippet:-1, max-image-preview:large, max-video-preview:-1\" \/>\n<link rel=\"canonical\" href=\"https:\/\/vivifrancia.com.ar\/2026\/corazon-duo\/\" \/>\n<meta property=\"og:locale\" content=\"es_ES\" \/>\n<meta property=\"og:type\" content=\"article\" \/>\n<meta property=\"og:title\" content=\"Coraz\u00f3n D\u00fao - Viv\u00ed Francia 2026\" \/>\n<meta property=\"og:description\" content=\"5\/9 - Ciudad de Mendoza\" \/>\n<meta property=\"og:url\" content=\"https:\/\/vivifrancia.com.ar\/2026\/corazon-duo\/\" \/>\n<meta property=\"og:site_name\" content=\"Viv\u00ed Francia 2026\" \/>\n<meta property=\"article:publisher\" content=\"https:\/\/www.facebook.com\/vivifranciaba\" \/>\n<meta property=\"article:published_time\" content=\"2026-09-02T18:04:12+00:00\" \/>\n<meta property=\"article:modified_time\" content=\"2026-09-03T17:52:38+00:00\" \/>\n<meta property=\"og:image\" content=\"https:\/\/vivifrancia.com.ar\/2026\/wp-content\/uploads\/sites\/48\/corazin-duo-1.jpg\" \/>\n\t<meta property=\"og:image:width\" content=\"495\" \/>\n\t<meta property=\"og:image:height\" content=\"400\" \/>\n\t<meta property=\"og:image:type\" content=\"image\/jpeg\" \/>\n<meta name=\"author\" content=\"datae\" \/>\n<meta name=\"twitter:card\" content=\"summary_large_image\" \/>\n<meta name=\"twitter:label1\" content=\"Escrito por\" \/>\n\t<meta name=\"twitter:data1\" content=\"datae\" \/>\n\t<meta name=\"twitter:label2\" content=\"Tiempo de lectura\" \/>\n\t<meta name=\"twitter:data2\" content=\"1 minuto\" \/>\n<script type=\"application\/ld+json\" class=\"yoast-schema-graph\">{\"@context\":\"https:\\\/\\\/schema.org\",\"@graph\":[{\"@type\":\"Article\",\"@id\":\"https:\\\/\\\/vivifrancia.com.ar\\\/2026\\\/corazon-duo\\\/#article\",\"isPartOf\":{\"@id\":\"https:\\\/\\\/vivifrancia.com.ar\\\/2026\\\/corazon-duo\\\/\"},\"author\":{\"name\":\"datae\",\"@id\":\"https:\\\/\\\/vivifrancia.com.ar\\\/2026\\\/#\\\/schema\\\/person\\\/164fe613e289dfc3e7d837aca931c42c\"},\"headline\":\"Coraz\u00f3n D\u00fao\",\"datePublished\":\"2026-09-02T18:04:12+00:00\",\"dateModified\":\"2026-09-03T17:52:38+00:00\",\"mainEntityOfPage\":{\"@id\":\"https:\\\/\\\/vivifrancia.com.ar\\\/2026\\\/corazon-duo\\\/\"},\"wordCount\":950,\"image\":{\"@id\":\"https:\\\/\\\/vivifrancia.com.ar\\\/2026\\\/corazon-duo\\\/#primaryimage\"},\"thumbnailUrl\":\"https:\\\/\\\/vivifrancia.com.ar\\\/2026\\\/wp-content\\\/uploads\\\/sites\\\/48\\\/corazin-duo-1.jpg\",\"articleSection\":[\"M\u00fasica\",\"Regi\u00f3n Cuyo\",\"Mercadito Franc\u00e9s\",\"S\u00e1bado 05\\\/09\"],\"inLanguage\":\"es\"},{\"@type\":\"WebPage\",\"@id\":\"https:\\\/\\\/vivifrancia.com.ar\\\/2026\\\/corazon-duo\\\/\",\"url\":\"https:\\\/\\\/vivifrancia.com.ar\\\/2026\\\/corazon-duo\\\/\",\"name\":\"Coraz\u00f3n D\u00fao - Viv\u00ed Francia 2026\",\"isPartOf\":{\"@id\":\"https:\\\/\\\/vivifrancia.com.ar\\\/2026\\\/#website\"},\"primaryImageOfPage\":{\"@id\":\"https:\\\/\\\/vivifrancia.com.ar\\\/2026\\\/corazon-duo\\\/#primaryimage\"},\"image\":{\"@id\":\"https:\\\/\\\/vivifrancia.com.ar\\\/2026\\\/corazon-duo\\\/#primaryimage\"},\"thumbnailUrl\":\"https:\\\/\\\/vivifrancia.com.ar\\\/2026\\\/wp-content\\\/uploads\\\/sites\\\/48\\\/corazin-duo-1.jpg\",\"datePublished\":\"2026-09-02T18:04:12+00:00\",\"dateModified\":\"2026-09-03T17:52:38+00:00\",\"author\":{\"@id\":\"https:\\\/\\\/vivifrancia.com.ar\\\/2026\\\/#\\\/schema\\\/person\\\/164fe613e289dfc3e7d837aca931c42c\"},\"breadcrumb\":{\"@id\":\"https:\\\/\\\/vivifrancia.com.ar\\\/2026\\\/corazon-duo\\\/#breadcrumb\"},\"inLanguage\":\"es\",\"potentialAction\":[{\"@type\":\"ReadAction\",\"target\":[\"https:\\\/\\\/vivifrancia.com.ar\\\/2026\\\/corazon-duo\\\/\"]}]},{\"@type\":\"ImageObject\",\"inLanguage\":\"es\",\"@id\":\"https:\\\/\\\/vivifrancia.com.ar\\\/2026\\\/corazon-duo\\\/#primaryimage\",\"url\":\"https:\\\/\\\/vivifrancia.com.ar\\\/2026\\\/wp-content\\\/uploads\\\/sites\\\/48\\\/corazin-duo-1.jpg\",\"contentUrl\":\"https:\\\/\\\/vivifrancia.com.ar\\\/2026\\\/wp-content\\\/uploads\\\/sites\\\/48\\\/corazin-duo-1.jpg\",\"width\":495,\"height\":400},{\"@type\":\"BreadcrumbList\",\"@id\":\"https:\\\/\\\/vivifrancia.com.ar\\\/2026\\\/corazon-duo\\\/#breadcrumb\",\"itemListElement\":[{\"@type\":\"ListItem\",\"position\":1,\"name\":\"Portada\",\"item\":\"https:\\\/\\\/vivifrancia.com.ar\\\/2026\\\/\"},{\"@type\":\"ListItem\",\"position\":2,\"name\":\"Coraz\u00f3n D\u00fao\"}]},{\"@type\":\"WebSite\",\"@id\":\"https:\\\/\\\/vivifrancia.com.ar\\\/2026\\\/#website\",\"url\":\"https:\\\/\\\/vivifrancia.com.ar\\\/2026\\\/\",\"name\":\"Viv\u00ed Francia 2026\",\"description\":\"Las semanas francesas en Argentina\",\"potentialAction\":[{\"@type\":\"SearchAction\",\"target\":{\"@type\":\"EntryPoint\",\"urlTemplate\":\"https:\\\/\\\/vivifrancia.com.ar\\\/2026\\\/?s={search_term_string}\"},\"query-input\":{\"@type\":\"PropertyValueSpecification\",\"valueRequired\":true,\"valueName\":\"search_term_string\"}}],\"inLanguage\":\"es\"},{\"@type\":\"Person\",\"@id\":\"https:\\\/\\\/vivifrancia.com.ar\\\/2026\\\/#\\\/schema\\\/person\\\/164fe613e289dfc3e7d837aca931c42c\",\"name\":\"datae\",\"image\":{\"@type\":\"ImageObject\",\"inLanguage\":\"es\",\"@id\":\"https:\\\/\\\/secure.gravatar.com\\\/avatar\\\/952f194b260d223ad202e438736c9fe26b2ffa5bd65b213b03cc433613641a84?s=96&d=mm&r=g\",\"url\":\"https:\\\/\\\/secure.gravatar.com\\\/avatar\\\/952f194b260d223ad202e438736c9fe26b2ffa5bd65b213b03cc433613641a84?s=96&d=mm&r=g\",\"contentUrl\":\"https:\\\/\\\/secure.gravatar.com\\\/avatar\\\/952f194b260d223ad202e438736c9fe26b2ffa5bd65b213b03cc433613641a84?s=96&d=mm&r=g\",\"caption\":\"datae\"},\"url\":\"https:\\\/\\\/vivifrancia.com.ar\\\/2026\\\/author\\\/datae\\\/\"}]}<\/script>\n<!-- \/ Yoast SEO plugin. -->","yoast_head_json":{"title":"Coraz\u00f3n D\u00fao - Viv\u00ed Francia 2026","robots":{"index":"index","follow":"follow","max-snippet":"max-snippet:-1","max-image-preview":"max-image-preview:large","max-video-preview":"max-video-preview:-1"},"canonical":"https:\/\/vivifrancia.com.ar\/2026\/corazon-duo\/","og_locale":"es_ES","og_type":"article","og_title":"Coraz\u00f3n D\u00fao - Viv\u00ed Francia 2026","og_description":"5\/9 - Ciudad de Mendoza","og_url":"https:\/\/vivifrancia.com.ar\/2026\/corazon-duo\/","og_site_name":"Viv\u00ed Francia 2026","article_publisher":"https:\/\/www.facebook.com\/vivifranciaba","article_published_time":"2026-09-02T18:04:12+00:00","article_modified_time":"2026-09-03T17:52:38+00:00","og_image":[{"width":495,"height":400,"url":"https:\/\/vivifrancia.com.ar\/2026\/wp-content\/uploads\/sites\/48\/corazin-duo-1.jpg","type":"image\/jpeg"}],"author":"datae","twitter_card":"summary_large_image","twitter_misc":{"Escrito por":"datae","Tiempo de lectura":"1 minuto"},"schema":{"@context":"https:\/\/schema.org","@graph":[{"@type":"Article","@id":"https:\/\/vivifrancia.com.ar\/2026\/corazon-duo\/#article","isPartOf":{"@id":"https:\/\/vivifrancia.com.ar\/2026\/corazon-duo\/"},"author":{"name":"datae","@id":"https:\/\/vivifrancia.com.ar\/2026\/#\/schema\/person\/164fe613e289dfc3e7d837aca931c42c"},"headline":"Coraz\u00f3n D\u00fao","datePublished":"2026-09-02T18:04:12+00:00","dateModified":"2026-09-03T17:52:38+00:00","mainEntityOfPage":{"@id":"https:\/\/vivifrancia.com.ar\/2026\/corazon-duo\/"},"wordCount":950,"image":{"@id":"https:\/\/vivifrancia.com.ar\/2026\/corazon-duo\/#primaryimage"},"thumbnailUrl":"https:\/\/vivifrancia.com.ar\/2026\/wp-content\/uploads\/sites\/48\/corazin-duo-1.jpg","articleSection":["M\u00fasica","Regi\u00f3n Cuyo","Mercadito Franc\u00e9s","S\u00e1bado 05\/09"],"inLanguage":"es"},{"@type":"WebPage","@id":"https:\/\/vivifrancia.com.ar\/2026\/corazon-duo\/","url":"https:\/\/vivifrancia.com.ar\/2026\/corazon-duo\/","name":"Coraz\u00f3n D\u00fao - Viv\u00ed Francia 2026","isPartOf":{"@id":"https:\/\/vivifrancia.com.ar\/2026\/#website"},"primaryImageOfPage":{"@id":"https:\/\/vivifrancia.com.ar\/2026\/corazon-duo\/#primaryimage"},"image":{"@id":"https:\/\/vivifrancia.com.ar\/2026\/corazon-duo\/#primaryimage"},"thumbnailUrl":"https:\/\/vivifrancia.com.ar\/2026\/wp-content\/uploads\/sites\/48\/corazin-duo-1.jpg","datePublished":"2026-09-02T18:04:12+00:00","dateModified":"2026-09-03T17:52:38+00:00","author":{"@id":"https:\/\/vivifrancia.com.ar\/2026\/#\/schema\/person\/164fe613e289dfc3e7d837aca931c42c"},"breadcrumb":{"@id":"https:\/\/vivifrancia.com.ar\/2026\/corazon-duo\/#breadcrumb"},"inLanguage":"es","potentialAction":[{"@type":"ReadAction","target":["https:\/\/vivifrancia.com.ar\/2026\/corazon-duo\/"]}]},{"@type":"ImageObject","inLanguage":"es","@id":"https:\/\/vivifrancia.com.ar\/2026\/corazon-duo\/#primaryimage","url":"https:\/\/vivifrancia.com.ar\/2026\/wp-content\/uploads\/sites\/48\/corazin-duo-1.jpg","contentUrl":"https:\/\/vivifrancia.com.ar\/2026\/wp-content\/uploads\/sites\/48\/corazin-duo-1.jpg","width":495,"height":400},{"@type":"BreadcrumbList","@id":"https:\/\/vivifrancia.com.ar\/2026\/corazon-duo\/#breadcrumb","itemListElement":[{"@type":"ListItem","position":1,"name":"Portada","item":"https:\/\/vivifrancia.com.ar\/2026\/"},{"@type":"ListItem","position":2,"name":"Coraz\u00f3n D\u00fao"}]},{"@type":"WebSite","@id":"https:\/\/vivifrancia.com.ar\/2026\/#website","url":"https:\/\/vivifrancia.com.ar\/2026\/","name":"Viv\u00ed Francia 2026","description":"Las semanas francesas en Argentina","potentialAction":[{"@type":"SearchAction","target":{"@type":"EntryPoint","urlTemplate":"https:\/\/vivifrancia.com.ar\/2026\/?s={search_term_string}"},"query-input":{"@type":"PropertyValueSpecification","valueRequired":true,"valueName":"search_term_string"}}],"inLanguage":"es"},{"@type":"Person","@id":"https:\/\/vivifrancia.com.ar\/2026\/#\/schema\/person\/164fe613e289dfc3e7d837aca931c42c","name":"datae","image":{"@type":"ImageObject","inLanguage":"es","@id":"https:\/\/secure.gravatar.com\/avatar\/952f194b260d223ad202e438736c9fe26b2ffa5bd65b213b03cc433613641a84?s=96&d=mm&r=g","url":"https:\/\/secure.gravatar.com\/avatar\/952f194b260d223ad202e438736c9fe26b2ffa5bd65b213b03cc433613641a84?s=96&d=mm&r=g","contentUrl":"https:\/\/secure.gravatar.com\/avatar\/952f194b260d223ad202e438736c9fe26b2ffa5bd65b213b03cc433613641a84?s=96&d=mm&r=g","caption":"datae"},"url":"https:\/\/vivifrancia.com.ar\/2026\/author\/datae\/"}]}},"_links":{"self":[{"href":"https:\/\/vivifrancia.com.ar\/2026\/wp-json\/wp\/v2\/posts\/17908","targetHints":{"allow":["GET"]}}],"collection":[{"href":"https:\/\/vivifrancia.com.ar\/2026\/wp-json\/wp\/v2\/posts"}],"about":[{"href":"https:\/\/vivifrancia.com.ar\/2026\/wp-json\/wp\/v2\/types\/post"}],"author":[{"embeddable":true,"href":"https:\/\/vivifrancia.com.ar\/2026\/wp-json\/wp\/v2\/users\/7"}],"replies":[{"embeddable":true,"href":"https:\/\/vivifrancia.com.ar\/2026\/wp-json\/wp\/v2\/comments?post=17908"}],"version-history":[{"count":3,"href":"https:\/\/vivifrancia.com.ar\/2026\/wp-json\/wp\/v2\/posts\/17908\/revisions"}],"predecessor-version":[{"id":18093,"href":"https:\/\/vivifrancia.com.ar\/2026\/wp-json\/wp\/v2\/posts\/17908\/revisions\/18093"}],"wp:featuredmedia":[{"embeddable":true,"href":"https:\/\/vivifrancia.com.ar\/2026\/wp-json\/wp\/v2\/media\/18016"}],"wp:attachment":[{"href":"https:\/\/vivifrancia.com.ar\/2026\/wp-json\/wp\/v2\/media?parent=17908"}],"wp:term":[{"taxonomy":"category","embeddable":true,"href":"https:\/\/vivifrancia.com.ar\/2026\/wp-json\/wp\/v2\/categories?post=17908"},{"taxonomy":"post_tag","embeddable":true,"href":"https:\/\/vivifrancia.com.ar\/2026\/wp-json\/wp\/v2\/tags?post=17908"}],"curies":[{"name":"wp","href":"https:\/\/api.w.org\/{rel}","templated":true}]}}